{"id":1265,"date":"2025-09-27T23:31:20","date_gmt":"2025-09-27T23:31:20","guid":{"rendered":"https:\/\/loja.visiteobrasil.com.br\/artigos\/?p=1265"},"modified":"2025-09-27T23:31:20","modified_gmt":"2025-09-27T23:31:20","slug":"o-papel-do-amor-proprio-na-evolucao-espiritual","status":"publish","type":"post","link":"https:\/\/loja.visiteobrasil.com.br\/artigos\/o-papel-do-amor-proprio-na-evolucao-espiritual\/","title":{"rendered":"O papel do amor pr\u00f3prio na evolu\u00e7\u00e3o espiritual"},"content":{"rendered":"<p>O amor \u00e9 a ess\u00eancia que une todas as formas de vida. O papel do amor pr\u00f3prio na <a href=\"https:\/\/loja.visiteobrasil.com.br\/artigos\/reencontro-de-almas\/\">evolu\u00e7\u00e3o espiritual<\/a> revela a liga\u00e7\u00e3o entre <a href=\"https:\/\/loja.visiteobrasil.com.br\/artigos\/prece-para-a-saude-emocional\/\">espiritualidade e sa\u00fade<\/a> mental no caminho de <a href=\"https:\/\/loja.visiteobrasil.com.br\/artigos\/importancia-do-silencio-interior\/\">autoconhecimento<\/a>.<\/p>\n<p data-start=\"458\" data-end=\"836\"><strong data-start=\"458\" data-end=\"508\">O papel do amor pr\u00f3prio na evolu\u00e7\u00e3o espiritual<\/strong> \u00e9 uma reflex\u00e3o cada vez mais necess\u00e1ria no mundo moderno. Muitas pessoas confundem amor pr\u00f3prio com ego\u00edsmo, acreditando que se amar \u00e9 um ato de orgulho ou vaidade. No entanto, \u00e0 luz do <a href=\"https:\/\/loja.visiteobrasil.com.br\/artigos\/sinais-despertar-espiritual\/\">Espiritismo<\/a> e da espiritualidade, compreendemos que cultivar o respeito e a valoriza\u00e7\u00e3o de si mesmo \u00e9 parte essencial do progresso da alma.<\/p>\n<p data-start=\"838\" data-end=\"1128\">Quando aprendemos a nos amar, desenvolvemos equil\u00edbrio, serenidade e for\u00e7a interior para enfrentar as provas da vida. Essa atitude nos ajuda a nos relacionar de forma mais saud\u00e1vel com os outros, a exercer a caridade com autenticidade e a caminhar com f\u00e9 rumo ao aprimoramento espiritual.<\/p>\n<p data-start=\"1130\" data-end=\"1330\">Afinal, n\u00e3o podemos oferecer ao pr\u00f3ximo aquilo que ainda n\u00e3o cultivamos dentro de n\u00f3s. O amor pr\u00f3prio \u00e9 o alicerce que sustenta a pr\u00e1tica do amor ao semelhante e a busca sincera pela evolu\u00e7\u00e3o moral.<\/p>\n<p><!-- IN\u00cdCIO BLOCO VERTICAL --><\/p>\n<div style=\"max-width: 320px; margin: 30px auto; background: #fff; border-radius: 12px; padding: 20px; text-align: center; box-shadow: 0 4px 12px rgba(0,0,0,0.1); font-family: Arial,sans-serif;\">\n<p><img decoding=\"async\" style=\"width: 100%; border-radius: 8px;\" src=\"https:\/\/loja.visiteobrasil.com.br\/images\/capas3D\/Umbral-Capa-3D-BR-HOT.png\" alt=\"O Umbral\" \/><\/p>\n<h2 style=\"margin: 15px 0 10px; font-size: 1.2rem; color: #2c3e50;\">O Umbral<\/h2>\n<p style=\"font-size: 0.95rem; color: #555; margin-bottom: 16px;\">Sombras, dor e reden\u00e7\u00e3o: um mergulho no Umbral. Um retrato emocionante das almas em transforma\u00e7\u00e3o. Descubra os desafios e a luz que guia os esp\u00edritos perdidos. Uma jornada profunda que revela os mist\u00e9rios da vida ap\u00f3s a morte.<\/p>\n<p><a style=\"display: inline-block; background: #f39c12; color: #fff; font-weight: bold; padding: 10px 18px; border-radius: 6px; text-decoration: none;\" href=\"https:\/\/loja.visiteobrasil.com.br\/compre-o-livro-o-umbral-hotmart.html\" target=\"_blank\" rel=\"nofollow noopener\">Saiba mais<\/a><\/p>\n<\/div>\n<hr data-start=\"1332\" data-end=\"1335\" \/>\n<h2 data-start=\"1337\" data-end=\"1388\">O papel do amor pr\u00f3prio na evolu\u00e7\u00e3o espiritual<\/h2>\n<p data-start=\"1390\" data-end=\"1674\">O Espiritismo ensina que a vida \u00e9 uma escola, e cada encarna\u00e7\u00e3o representa uma oportunidade de aprendizado. Dentro desse processo, <strong data-start=\"1521\" data-end=\"1571\">o papel do amor pr\u00f3prio na evolu\u00e7\u00e3o espiritual<\/strong> \u00e9 compreender que somos filhos de Deus, dotados de dignidade e potencial para crescer infinitamente.<\/p>\n<p data-start=\"1676\" data-end=\"1990\">Sem amor pr\u00f3prio, a alma se perde em sentimentos de inferioridade, culpa ou autodesvaloriza\u00e7\u00e3o, que podem gerar desequil\u00edbrios emocionais e espirituais. Ao contr\u00e1rio, quando cultivamos o amor por n\u00f3s mesmos, abrimos espa\u00e7o para a renova\u00e7\u00e3o interior, que se reflete em nossas escolhas, atitudes e relacionamentos.<\/p>\n<p data-start=\"1992\" data-end=\"2199\">N\u00e3o se trata de exaltar o \u201ceu\u201d acima dos outros, mas de reconhecer que cuidar de si \u00e9 tamb\u00e9m cumprir uma lei divina. Quem aprende a se respeitar naturalmente respeita a vida, os outros e o pr\u00f3prio Criador.<\/p>\n<hr data-start=\"2201\" data-end=\"2204\" \/>\n<h2 data-start=\"2206\" data-end=\"2242\">Amor pr\u00f3prio e sa\u00fade espiritual<\/h2>\n<p data-start=\"2244\" data-end=\"2526\">A aus\u00eancia de amor pr\u00f3prio muitas vezes conduz ao sofrimento silencioso. Quantos n\u00e3o carregam traumas, ressentimentos e sentimentos de inadequa\u00e7\u00e3o que os impedem de avan\u00e7ar? Nessas situa\u00e7\u00f5es, a falta de autoaceita\u00e7\u00e3o gera desequil\u00edbrios que se refletem no corpo f\u00edsico e na mente.<\/p>\n<p data-start=\"2528\" data-end=\"2639\">No entanto, quando reconhecemos o valor do amor pr\u00f3prio, fortalecemos nossa sa\u00fade espiritual. Isso significa:<\/p>\n<ul data-start=\"2641\" data-end=\"3172\">\n<li data-start=\"2641\" data-end=\"2764\">\n<p data-start=\"2643\" data-end=\"2764\"><strong data-start=\"2643\" data-end=\"2677\">Cultivar pensamentos positivos<\/strong> \u2013 A energia que emanamos retorna a n\u00f3s mesmos. Pensar com esperan\u00e7a \u00e9 nutrir a alma.<\/p>\n<\/li>\n<li data-start=\"2765\" data-end=\"2913\">\n<p data-start=\"2767\" data-end=\"2913\"><strong data-start=\"2767\" data-end=\"2798\">Praticar o autoconhecimento<\/strong> \u2013 Identificar nossas fragilidades e virtudes nos ajuda a corrigir o que \u00e9 preciso e valorizar nossas conquistas.<\/p>\n<\/li>\n<li data-start=\"2914\" data-end=\"3034\">\n<p data-start=\"2916\" data-end=\"3034\"><strong data-start=\"2916\" data-end=\"2943\">Desenvolver a paci\u00eancia<\/strong> \u2013 Compreender que a evolu\u00e7\u00e3o \u00e9 um processo cont\u00ednuo, sem cobran\u00e7as excessivas ou pressa.<\/p>\n<\/li>\n<li data-start=\"3035\" data-end=\"3172\">\n<p data-start=\"3037\" data-end=\"3172\"><strong data-start=\"3037\" data-end=\"3059\">Perdoar a si mesmo<\/strong> \u2013 Muitas vezes somos duros com nossas falhas. Aprender a se perdoar \u00e9 t\u00e3o importante quanto perdoar o pr\u00f3ximo.<\/p>\n<\/li>\n<\/ul>\n<p data-start=\"3174\" data-end=\"3271\">Assim, o amor pr\u00f3prio se torna um medicamento espiritual que nos aproxima da harmonia interior.<\/p>\n<hr data-start=\"3273\" data-end=\"3276\" \/>\n<h2 data-start=\"3278\" data-end=\"3309\">Amor pr\u00f3prio n\u00e3o \u00e9 ego\u00edsmo<\/h2>\n<p data-start=\"3311\" data-end=\"3636\">Muitos confundem amor pr\u00f3prio com ego\u00edsmo. No entanto, s\u00e3o conceitos totalmente distintos. O ego\u00edsmo \u00e9 centrado no \u201ceu\u201d em detrimento do outro. \u00c9 uma postura de exclus\u00e3o e fechamento. O amor pr\u00f3prio, por sua vez, \u00e9 expansivo: quanto mais nos amamos de forma equilibrada, mais conseguimos amar ao pr\u00f3ximo de maneira sincera.<\/p>\n<p data-start=\"3638\" data-end=\"3851\">Segundo <a href=\"https:\/\/loja.visiteobrasil.com.br\/artigos\/tempo-de-reencarnacao\/\">Allan Kardec<\/a>, em <strong data-start=\"3663\" data-end=\"3702\">\u201cO Evangelho segundo o Espiritismo\u201d<\/strong>, o ego\u00edsmo \u00e9 uma das maiores chagas da humanidade. J\u00e1 o amor, em todas as suas express\u00f5es, \u00e9 a chave da evolu\u00e7\u00e3o. Amar-se \u00e9 parte desse movimento.<\/p>\n<p data-start=\"3853\" data-end=\"4064\">Quando nos valorizamos, evitamos rela\u00e7\u00f5es abusivas, escolhas destrutivas e padr\u00f5es de sofrimento repetidos. O amor pr\u00f3prio cria ra\u00edzes para uma vida equilibrada, voltada \u00e0 fraternidade e \u00e0 pr\u00e1tica da caridade.<\/p>\n<hr data-start=\"4066\" data-end=\"4069\" \/>\n<h2 data-start=\"4071\" data-end=\"4124\">O amor pr\u00f3prio como caminho de autotransforma\u00e7\u00e3o<\/h2>\n<p data-start=\"4126\" data-end=\"4346\">A pr\u00e1tica do amor pr\u00f3prio se conecta diretamente com a reforma \u00edntima, pilar central do <a href=\"https:\/\/institutoallankardec.com\/\" target=\"_blank\" rel=\"noopener\">Espiritismo<\/a>. N\u00e3o basta apenas estudar as leis divinas: \u00e9 necess\u00e1rio aplic\u00e1-las no cotidiano, transformando sentimentos e atitudes.<\/p>\n<p data-start=\"4348\" data-end=\"4603\">O papel do amor pr\u00f3prio na evolu\u00e7\u00e3o espiritual est\u00e1 em dar-nos coragem para reconhecer nossas falhas sem desespero, e sim com a certeza de que sempre h\u00e1 tempo de recome\u00e7ar. Cada pequena conquista no caminho do autodesenvolvimento \u00e9 um degrau rumo \u00e0 luz.<\/p>\n<p data-start=\"4605\" data-end=\"4640\">Podemos dizer que o amor pr\u00f3prio:<\/p>\n<ul data-start=\"4641\" data-end=\"4880\">\n<li data-start=\"4641\" data-end=\"4676\">\n<p data-start=\"4643\" data-end=\"4676\">Fortalece a f\u00e9 em si e em Deus.<\/p>\n<\/li>\n<li data-start=\"4677\" data-end=\"4737\">\n<p data-start=\"4679\" data-end=\"4737\">Nos ajuda a enfrentar provas e expia\u00e7\u00f5es com serenidade.<\/p>\n<\/li>\n<li data-start=\"4738\" data-end=\"4813\">\n<p data-start=\"4740\" data-end=\"4813\">Alimenta a confian\u00e7a de que n\u00e3o estamos sozinhos no processo evolutivo.<\/p>\n<\/li>\n<li data-start=\"4814\" data-end=\"4880\">\n<p data-start=\"4816\" data-end=\"4880\">Permite que sejamos instrumentos de paz e equil\u00edbrio no mundo.<\/p>\n<\/li>\n<\/ul>\n<hr data-start=\"4882\" data-end=\"4885\" \/>\n<h2 data-start=\"4887\" data-end=\"4925\">Exemplos pr\u00e1ticos de amor pr\u00f3prio<\/h2>\n<p data-start=\"4927\" data-end=\"5061\">Amar-se espiritualmente vai al\u00e9m de palavras bonitas: exige atitudes concretas. Eis alguns exemplos que podemos adotar no cotidiano:<\/p>\n<ol data-start=\"5063\" data-end=\"5618\">\n<li data-start=\"5063\" data-end=\"5192\">\n<p data-start=\"5066\" data-end=\"5192\"><strong data-start=\"5066\" data-end=\"5092\">Cuidar do corpo f\u00edsico<\/strong> \u2013 Alimentar-se de forma saud\u00e1vel, descansar e preservar a sa\u00fade. O corpo \u00e9 um empr\u00e9stimo sagrado.<\/p>\n<\/li>\n<li data-start=\"5193\" data-end=\"5295\">\n<p data-start=\"5196\" data-end=\"5295\"><strong data-start=\"5196\" data-end=\"5214\">Nutrir a mente<\/strong> \u2013 Buscar leituras edificantes, pensamentos positivos e reflex\u00f5es construtivas.<\/p>\n<\/li>\n<li data-start=\"5296\" data-end=\"5418\">\n<p data-start=\"5299\" data-end=\"5418\"><strong data-start=\"5299\" data-end=\"5331\">Preservar rela\u00e7\u00f5es saud\u00e1veis<\/strong> \u2013 Evitar ambientes t\u00f3xicos e cultivar amizades baseadas em respeito e amor fraterno.<\/p>\n<\/li>\n<li data-start=\"5419\" data-end=\"5523\">\n<p data-start=\"5422\" data-end=\"5523\"><strong data-start=\"5422\" data-end=\"5457\">Praticar a ora\u00e7\u00e3o e a medita\u00e7\u00e3o<\/strong> \u2013 Conectar-se ao plano espiritual fortalece a energia interior.<\/p>\n<\/li>\n<li data-start=\"5524\" data-end=\"5618\">\n<p data-start=\"5527\" data-end=\"5618\"><strong data-start=\"5527\" data-end=\"5552\">Reconhecer conquistas<\/strong> \u2013 Celebrar pequenas vit\u00f3rias nos ajuda a avan\u00e7ar com motiva\u00e7\u00e3o.<\/p>\n<\/li>\n<\/ol>\n<p data-start=\"5620\" data-end=\"5762\">Essas pr\u00e1ticas n\u00e3o apenas aumentam a autoestima, mas tamb\u00e9m refletem em nossa jornada espiritual, tornando-nos mais aptos a servir com amor.<\/p>\n<p><!-- IN\u00cdCIO V\u00cdDEO SHORT + BOT\u00c3O --><\/p>\n<div style=\"text-align: center; max-width: 480px; margin: 20px auto;\">\n<h2 style=\"font-size: 1.4rem; color: #2c3e50; margin-bottom: 8px;\">&#8216;Muito al\u00e9m da escurid\u00e3o&#8217; &#8211; O resgate de uma alma quase perdida<\/h2>\n<p style=\"font-size: 1rem; color: #555;\">Clique no video para assistir. (Dura\u00e7\u00e3o 60&#8242;)<\/p>\n<\/div>\n<div style=\"max-width: 480px; margin: 0 auto; background: #fff; border-radius: 12px; padding: 20px; box-shadow: 0 4px 12px rgba(0,0,0,0.1); text-align: center;\">\n<div style=\"position: relative; padding-bottom: 177%; height: 0; overflow: hidden; border-radius: 12px;\"><iframe style=\"position: absolute; top: 0; left: 0; width: 100%; height: 100%; border-radius: 12px;\" src=\"https:\/\/youtube.com\/embed\/Vx2k01PWlwA?feature=share\" frameborder=\"0\" allowfullscreen=\"allowfullscreen\"><\/iframe><\/div>\n<p><a style=\"display: inline-block; margin-top: 15px; background: #f39c12; color: #fff; font-weight: bold; padding: 10px 20px; border-radius: 6px; text-decoration: none;\" href=\"https:\/\/loja.visiteobrasil.com.br\/Amazon-Livro-Muitoalemdaescuridao.html\" target=\"_blank\" rel=\"nofollow noopener\">Saiba mais<\/a><\/p>\n<\/div>\n<hr data-start=\"5764\" data-end=\"5767\" \/>\n<h2 data-start=\"5769\" data-end=\"5783\">Conclus\u00e3o<\/h2>\n<p data-start=\"5785\" data-end=\"6039\"><strong data-start=\"5785\" data-end=\"5835\">O papel do amor pr\u00f3prio na evolu\u00e7\u00e3o espiritual<\/strong> \u00e9 fundamental para quem busca a reforma \u00edntima e a verdadeira paz. Amar-se n\u00e3o significa fechar-se no orgulho, mas compreender que somos seres em aprendizado, merecedores de carinho, perd\u00e3o e respeito.<\/p>\n<p data-start=\"6041\" data-end=\"6171\">Ao cultivarmos o amor pr\u00f3prio, tornamo-nos mais preparados para amar o pr\u00f3ximo e contribuir para a transforma\u00e7\u00e3o moral do mundo.<\/p>\n<p data-start=\"6173\" data-end=\"6435\">Allan Kardec j\u00e1 nos lembrava: <em data-start=\"6203\" data-end=\"6331\">\u201cO amor \u00e9 de ess\u00eancia divina, e todos v\u00f3s, do primeiro ao \u00faltimo, tendes, no fundo do cora\u00e7\u00e3o, a centelha desse fogo sagrado.\u201d<\/em> Que possamos acender essa chama dentro de n\u00f3s, fortalecendo o esp\u00edrito e expandindo luz \u00e0 humanidade.<\/p>\n<hr data-start=\"6437\" data-end=\"6440\" \/>\n<p data-start=\"6442\" data-end=\"6582\"><strong data-start=\"6442\" data-end=\"6580\">Para explorar mais sobre este e outros temas espirituais, visite a <a href=\"https:\/\/loja.visiteobrasil.com.br\/pagina-inicial-hotmart.html\">Loja Visite o Brasil<\/a><\/strong><\/p>\n","protected":false},"excerpt":{"rendered":"<p>O amor \u00e9 a ess\u00eancia que une todas as formas de vida. O papel do amor pr\u00f3prio na evolu\u00e7\u00e3o espiritual [&hellip;]<\/p>\n","protected":false},"author":1,"featured_media":1266,"comment_status":"open","ping_status":"open","sticky":false,"template":"","format":"standard","meta":{"site-sidebar-layout":"default","site-content-layout":"","ast-site-content-layout":"default","site-content-style":"default","site-sidebar-style":"default","ast-global-header-display":"","ast-banner-title-visibility":"","ast-main-header-display":"","ast-hfb-above-header-display":"","ast-hfb-below-header-display":"","ast-hfb-mobile-header-display":"","site-post-title":"","ast-breadcrumbs-content":"","ast-featured-img":"","footer-sml-layout":"","ast-disable-related-posts":"","theme-transparent-header-meta":"default","adv-header-id-meta":"","stick-header-meta":"","header-above-stick-meta":"","header-main-stick-meta":"","header-below-stick-meta":"","astra-migrate-meta-layouts":"set","ast-page-background-enabled":"default","ast-page-background-meta":{"desktop":{"background-color":"var(--ast-global-color-5)","background-image":"","background-repeat":"repeat","background-position":"center center","background-size":"auto","background-attachment":"scroll","background-type":"","background-media":"","overlay-type":"","overlay-color":"","overlay-opacity":"","overlay-gradient":""},"tablet":{"background-color":"","background-image":"","background-repeat":"repeat","background-position":"center center","background-size":"auto","background-attachment":"scroll","background-type":"","background-media":"","overlay-type":"","overlay-color":"","overlay-opacity":"","overlay-gradient":""},"mobile":{"background-color":"","background-image":"","background-repeat":"repeat","background-position":"center center","background-size":"auto","background-attachment":"scroll","background-type":"","background-media":"","overlay-type":"","overlay-color":"","overlay-opacity":"","overlay-gradient":""}},"ast-content-background-meta":{"desktop":{"background-color":"var(--ast-global-color-4)","background-image":"","background-repeat":"repeat","background-position":"center center","background-size":"auto","background-attachment":"scroll","background-type":"","background-media":"","overlay-type":"","overlay-color":"","overlay-opacity":"","overlay-gradient":""},"tablet":{"background-color":"var(--ast-global-color-4)","background-image":"","background-repeat":"repeat","background-position":"center center","background-size":"auto","background-attachment":"scroll","background-type":"","background-media":"","overlay-type":"","overlay-color":"","overlay-opacity":"","overlay-gradient":""},"mobile":{"background-color":"var(--ast-global-color-4)","background-image":"","background-repeat":"repeat","background-position":"center center","background-size":"auto","background-attachment":"scroll","background-type":"","background-media":"","overlay-type":"","overlay-color":"","overlay-opacity":"","overlay-gradient":""}},"jetpack_post_was_ever_published":false,"_jetpack_newsletter_access":"","_jetpack_dont_email_post_to_subs":false,"_jetpack_newsletter_tier_id":0,"_jetpack_memberships_contains_paywalled_content":false,"_jetpack_memberships_contains_paid_content":false,"footnotes":"","jetpack_publicize_message":"","jetpack_publicize_feature_enabled":true,"jetpack_social_post_already_shared":true,"jetpack_social_options":{"image_generator_settings":{"template":"highway","default_image_id":0,"font":"","enabled":false},"version":2}},"categories":[3,5],"tags":[17,224,28,63,70,88],"class_list":["post-1265","post","type-post","status-publish","format-standard","has-post-thumbnail","hentry","category-auto-conhecimento","category-consciencia-espiritual","tag-allan-kardec","tag-amor-proprio","tag-autoconhecimento","tag-doutrina-espirita","tag-espiritismo","tag-evolucao-espiritual"],"jetpack_publicize_connections":[],"jetpack_featured_media_url":"https:\/\/loja.visiteobrasil.com.br\/artigos\/wp-content\/uploads\/2025\/09\/amor-proprio.jpeg","jetpack_sharing_enabled":true,"jetpack_likes_enabled":true,"jetpack-related-posts":[{"id":24,"url":"https:\/\/loja.visiteobrasil.com.br\/artigos\/almas-gemeas-amores-de-outras-vidas\/","url_meta":{"origin":1265,"position":0},"title":"Almas g\u00eameas existem? O que diz o espiritismo sobre amores de outras vidas","author":"Ramon Andrade","date":"junho 25, 2025","format":false,"excerpt":"Voc\u00ea j\u00e1 sentiu uma conex\u00e3o t\u00e3o intensa com algu\u00e9m que parecia ultrapassar o tempo, o espa\u00e7o e at\u00e9 a l\u00f3gica? Para muitos, essa sensa\u00e7\u00e3o \u00e9 o ind\u00edcio da presen\u00e7a de uma alma g\u00eamea. Mas ser\u00e1 que as almas g\u00eameas existem mesmo? E o que o espiritismo tem a dizer sobre\u2026","rel":"","context":"Em &quot;Espiritismo&quot;","block_context":{"text":"Espiritismo","link":"https:\/\/loja.visiteobrasil.com.br\/artigos\/category\/espiritismo\/"},"img":{"alt_text":"Reencontro de almas gemeas","src":"https:\/\/i0.wp.com\/loja.visiteobrasil.com.br\/artigos\/wp-content\/uploads\/2025\/06\/reencontro-de-almas.jpeg?resize=350%2C200&ssl=1","width":350,"height":200,"srcset":"https:\/\/i0.wp.com\/loja.visiteobrasil.com.br\/artigos\/wp-content\/uploads\/2025\/06\/reencontro-de-almas.jpeg?resize=350%2C200&ssl=1 1x, https:\/\/i0.wp.com\/loja.visiteobrasil.com.br\/artigos\/wp-content\/uploads\/2025\/06\/reencontro-de-almas.jpeg?resize=525%2C300&ssl=1 1.5x"},"classes":[]},{"id":137,"url":"https:\/\/loja.visiteobrasil.com.br\/artigos\/escolha-espiritual-da-familia\/","url_meta":{"origin":1265,"position":1},"title":"A escolha espiritual da fam\u00edlia antes da reencarna\u00e7\u00e3o","author":"Ramon Andrade","date":"junho 29, 2025","format":false,"excerpt":"Voc\u00ea j\u00e1 se perguntou por que nasceu justamente na fam\u00edlia em que est\u00e1? Por que teve determinados pais, irm\u00e3os ou filhos? Ou por que atraiu certos relacionamentos marcantes \u2014 sejam de amor ou dor? Para o espiritismo, essas rela\u00e7\u00f5es n\u00e3o s\u00e3o fruto do acaso, mas resultado da escolha espiritual da\u2026","rel":"","context":"Em &quot;Espiritualidade&quot;","block_context":{"text":"Espiritualidade","link":"https:\/\/loja.visiteobrasil.com.br\/artigos\/category\/espiritualidade\/"},"img":{"alt_text":"Escolha espiritual da fam\u00edlia","src":"https:\/\/i0.wp.com\/loja.visiteobrasil.com.br\/artigos\/wp-content\/uploads\/2025\/06\/escolha-espiritual-da-familia-1.jpeg?resize=350%2C200&ssl=1","width":350,"height":200,"srcset":"https:\/\/i0.wp.com\/loja.visiteobrasil.com.br\/artigos\/wp-content\/uploads\/2025\/06\/escolha-espiritual-da-familia-1.jpeg?resize=350%2C200&ssl=1 1x, https:\/\/i0.wp.com\/loja.visiteobrasil.com.br\/artigos\/wp-content\/uploads\/2025\/06\/escolha-espiritual-da-familia-1.jpeg?resize=525%2C300&ssl=1 1.5x, https:\/\/i0.wp.com\/loja.visiteobrasil.com.br\/artigos\/wp-content\/uploads\/2025\/06\/escolha-espiritual-da-familia-1.jpeg?resize=700%2C400&ssl=1 2x"},"classes":[]},{"id":1373,"url":"https:\/\/loja.visiteobrasil.com.br\/artigos\/amizade-espiritual\/","url_meta":{"origin":1265,"position":2},"title":"Amizade espiritual e amor verdadeiro segundo a vis\u00e3o esp\u00edrita","author":"ramonandrade0505","date":"novembro 25, 2025","format":false,"excerpt":"A amizade espiritual \u00e9 uma for\u00e7a que atravessa vidas, renova hist\u00f3rias e sustenta o esp\u00edrito nos momentos mais desafiadores. Quando olhamos para a vida terrena \u00e0 luz da Doutrina Esp\u00edrita, percebemos que os la\u00e7os de amizade e amor verdadeiro n\u00e3o surgem ao acaso; s\u00e3o la\u00e7os que nascem da afinidade das\u2026","rel":"","context":"Em &quot;Consci\u00eancia espiritual&quot;","block_context":{"text":"Consci\u00eancia espiritual","link":"https:\/\/loja.visiteobrasil.com.br\/artigos\/category\/consciencia-espiritual\/"},"img":{"alt_text":"Amizade espiritual : Ilustra\u00e7\u00e3o suave e acolhedora de duas almas luminosas caminhando lado a lado em um campo et\u00e9reo, representando amizade espiritual, estilo realista espiritualista, tons dourados e azulados","src":"https:\/\/i0.wp.com\/loja.visiteobrasil.com.br\/artigos\/wp-content\/uploads\/2025\/11\/amizade-espiritual.jpeg?resize=350%2C200&ssl=1","width":350,"height":200,"srcset":"https:\/\/i0.wp.com\/loja.visiteobrasil.com.br\/artigos\/wp-content\/uploads\/2025\/11\/amizade-espiritual.jpeg?resize=350%2C200&ssl=1 1x, https:\/\/i0.wp.com\/loja.visiteobrasil.com.br\/artigos\/wp-content\/uploads\/2025\/11\/amizade-espiritual.jpeg?resize=525%2C300&ssl=1 1.5x"},"classes":[]},{"id":325,"url":"https:\/\/loja.visiteobrasil.com.br\/artigos\/lacos-espirituais\/","url_meta":{"origin":1265,"position":3},"title":"La\u00e7os espirituais: 3 v\u00ednculos eternos que marcam nossa exist\u00eancia","author":"Ramon Andrade","date":"julho 14, 2025","format":false,"excerpt":"La\u00e7os espirituais n\u00e3o se desfazem com o tempo, nem se apagam com a morte. S\u00e3o v\u00ednculos profundos entre almas que se reencontram em diferentes exist\u00eancias, unidas por amor, aprendizado, repara\u00e7\u00e3o ou miss\u00e3o. Muito al\u00e9m das rela\u00e7\u00f5es de sangue, esses la\u00e7os formam o tecido invis\u00edvel que sustenta nossas experi\u00eancias mais marcantes\u2026","rel":"","context":"Em &quot;Doutrina esp\u00edrita&quot;","block_context":{"text":"Doutrina esp\u00edrita","link":"https:\/\/loja.visiteobrasil.com.br\/artigos\/category\/doutrina-espirita\/"},"img":{"alt_text":"La\u00e7os espirituais: Amigos reunidos na floresta","src":"https:\/\/i0.wp.com\/loja.visiteobrasil.com.br\/artigos\/wp-content\/uploads\/2025\/07\/lacos-espirituais-eterno-1.jpeg?resize=350%2C200&ssl=1","width":350,"height":200,"srcset":"https:\/\/i0.wp.com\/loja.visiteobrasil.com.br\/artigos\/wp-content\/uploads\/2025\/07\/lacos-espirituais-eterno-1.jpeg?resize=350%2C200&ssl=1 1x, https:\/\/i0.wp.com\/loja.visiteobrasil.com.br\/artigos\/wp-content\/uploads\/2025\/07\/lacos-espirituais-eterno-1.jpeg?resize=525%2C300&ssl=1 1.5x, https:\/\/i0.wp.com\/loja.visiteobrasil.com.br\/artigos\/wp-content\/uploads\/2025\/07\/lacos-espirituais-eterno-1.jpeg?resize=700%2C400&ssl=1 2x"},"classes":[]},{"id":116,"url":"https:\/\/loja.visiteobrasil.com.br\/artigos\/lacos-de-amor-e-reencontros-espirituais\/","url_meta":{"origin":1265,"position":4},"title":"La\u00e7os de amor e desafetos: Reencontros espirituais em fam\u00edlia","author":"Ramon Andrade","date":"junho 27, 2025","format":false,"excerpt":"No universo do espiritismo e da espiritualidade, muito se fala sobre a import\u00e2ncia dos la\u00e7os de amor e das liga\u00e7\u00f5es que transcendem o tempo e o espa\u00e7o. A fam\u00edlia que hoje nos cerca, com suas alegrias e desafios, pode ser um espelho de antigas conex\u00f5es espirituais \u2014 algumas harm\u00f4nicas, outras\u2026","rel":"","context":"Em &quot;Espiritismo&quot;","block_context":{"text":"Espiritismo","link":"https:\/\/loja.visiteobrasil.com.br\/artigos\/category\/espiritismo\/"},"img":{"alt_text":"La\u00e7os de amor","src":"https:\/\/i0.wp.com\/loja.visiteobrasil.com.br\/artigos\/wp-content\/uploads\/2025\/06\/Lacos-de-amor-1.jpeg?resize=350%2C200&ssl=1","width":350,"height":200,"srcset":"https:\/\/i0.wp.com\/loja.visiteobrasil.com.br\/artigos\/wp-content\/uploads\/2025\/06\/Lacos-de-amor-1.jpeg?resize=350%2C200&ssl=1 1x, https:\/\/i0.wp.com\/loja.visiteobrasil.com.br\/artigos\/wp-content\/uploads\/2025\/06\/Lacos-de-amor-1.jpeg?resize=525%2C300&ssl=1 1.5x, https:\/\/i0.wp.com\/loja.visiteobrasil.com.br\/artigos\/wp-content\/uploads\/2025\/06\/Lacos-de-amor-1.jpeg?resize=700%2C400&ssl=1 2x"},"classes":[]},{"id":1434,"url":"https:\/\/loja.visiteobrasil.com.br\/artigos\/brigas-entre-mae-e-filha\/","url_meta":{"origin":1265,"position":5},"title":"Brigas entre m\u00e3e e filha segundo a espiritualidade","author":"ramonandrade0505","date":"janeiro 2, 2026","format":false,"excerpt":"Alguns v\u00ednculos familiares tocam partes profundas da alma \u2014 e, por isso mesmo, podem ser os mais desafiadores. As brigas entre m\u00e3e e filha costumam causar perplexidade. Afinal, espera-se que o v\u00ednculo entre quem gera e quem \u00e9 gerada seja naturalmente harmonioso, acolhedor, quase sagrado. No entanto, a realidade mostra\u2026","rel":"","context":"Em &quot;Doutrina esp\u00edrita&quot;","block_context":{"text":"Doutrina esp\u00edrita","link":"https:\/\/loja.visiteobrasil.com.br\/artigos\/category\/doutrina-espirita\/"},"img":{"alt_text":"Brigas entre m\u00e3e e filha. M\u00e3e e filha sentadas lado a lado","src":"https:\/\/i0.wp.com\/loja.visiteobrasil.com.br\/artigos\/wp-content\/uploads\/2025\/12\/brigas-de-mae-e-filha.jpeg?resize=350%2C200&ssl=1","width":350,"height":200,"srcset":"https:\/\/i0.wp.com\/loja.visiteobrasil.com.br\/artigos\/wp-content\/uploads\/2025\/12\/brigas-de-mae-e-filha.jpeg?resize=350%2C200&ssl=1 1x, https:\/\/i0.wp.com\/loja.visiteobrasil.com.br\/artigos\/wp-content\/uploads\/2025\/12\/brigas-de-mae-e-filha.jpeg?resize=525%2C300&ssl=1 1.5x"},"classes":[]}],"_links":{"self":[{"href":"https:\/\/loja.visiteobrasil.com.br\/artigos\/wp-json\/wp\/v2\/posts\/1265","targetHints":{"allow":["GET"]}}],"collection":[{"href":"https:\/\/loja.visiteobrasil.com.br\/artigos\/wp-json\/wp\/v2\/posts"}],"about":[{"href":"https:\/\/loja.visiteobrasil.com.br\/artigos\/wp-json\/wp\/v2\/types\/post"}],"author":[{"embeddable":true,"href":"https:\/\/loja.visiteobrasil.com.br\/artigos\/wp-json\/wp\/v2\/users\/1"}],"replies":[{"embeddable":true,"href":"https:\/\/loja.visiteobrasil.com.br\/artigos\/wp-json\/wp\/v2\/comments?post=1265"}],"version-history":[{"count":1,"href":"https:\/\/loja.visiteobrasil.com.br\/artigos\/wp-json\/wp\/v2\/posts\/1265\/revisions"}],"predecessor-version":[{"id":1267,"href":"https:\/\/loja.visiteobrasil.com.br\/artigos\/wp-json\/wp\/v2\/posts\/1265\/revisions\/1267"}],"wp:featuredmedia":[{"embeddable":true,"href":"https:\/\/loja.visiteobrasil.com.br\/artigos\/wp-json\/wp\/v2\/media\/1266"}],"wp:attachment":[{"href":"https:\/\/loja.visiteobrasil.com.br\/artigos\/wp-json\/wp\/v2\/media?parent=1265"}],"wp:term":[{"taxonomy":"category","embeddable":true,"href":"https:\/\/loja.visiteobrasil.com.br\/artigos\/wp-json\/wp\/v2\/categories?post=1265"},{"taxonomy":"post_tag","embeddable":true,"href":"https:\/\/loja.visiteobrasil.com.br\/artigos\/wp-json\/wp\/v2\/tags?post=1265"}],"curies":[{"name":"wp","href":"https:\/\/api.w.org\/{rel}","templated":true}]}}