{"id":1380,"date":"2025-11-30T01:39:28","date_gmt":"2025-11-30T01:39:28","guid":{"rendered":"https:\/\/loja.visiteobrasil.com.br\/artigos\/?p=1380"},"modified":"2025-11-30T01:39:28","modified_gmt":"2025-11-30T01:39:28","slug":"espiritualidade-e-longevidade","status":"publish","type":"post","link":"https:\/\/loja.visiteobrasil.com.br\/artigos\/espiritualidade-e-longevidade\/","title":{"rendered":"Espiritualidade e longevidade: Impactos na sa\u00fade e no tempo de vida"},"content":{"rendered":"<p data-start=\"347\" data-end=\"940\">A rela\u00e7\u00e3o entre <strong data-start=\"363\" data-end=\"396\"><a href=\"https:\/\/loja.visiteobrasil.com.br\/artigos\/proposito-de-vida\/\">espiritualidade<\/a> e longevidade<\/strong> deixou de ser apenas uma reflex\u00e3o filos\u00f3fica e tornou-se objeto de investiga\u00e7\u00e3o cient\u00edfica em diversas universidades e centros de pesquisa ao redor do mundo. Cada vez mais estudiosos reconhecem que pr\u00e1ticas espirituais, cren\u00e7as positivas e o cultivo de uma vida interior saud\u00e1vel influenciam significativamente a vitalidade, o <a href=\"https:\/\/loja.visiteobrasil.com.br\/artigos\/depressao-e-ansiedade-na-visao-espirita\/\">equil\u00edbrio emocional<\/a> e at\u00e9 mesmo a expectativa de vida. Esse di\u00e1logo entre <a href=\"https:\/\/loja.visiteobrasil.com.br\/artigos\/interface-ciencia-espiritualidade-saude-mental\/\">ci\u00eancia e espiritualidade<\/a> abre caminhos para compreendermos como o esp\u00edrito, a mente e o corpo se entrela\u00e7am numa \u00fanica estrutura energ\u00e9tica.<\/p>\n<p data-start=\"942\" data-end=\"1430\">No <a href=\"https:\/\/loja.visiteobrasil.com.br\/artigos\/sinais-despertar-espiritual\/\">espiritismo<\/a>, compreender o ser humano como um esp\u00edrito imortal modifica profundamente a forma de interpretar sa\u00fade, doen\u00e7a e envelhecimento. A longevidade n\u00e3o \u00e9 vista apenas como um ac\u00famulo de anos, mas como o resultado da harmonia entre corpo f\u00edsico, campo energ\u00e9tico e estados emocionais. Assim, pesquisas contempor\u00e2neas v\u00eam confirmando algo que os s\u00e1bios espirituais j\u00e1 afirmavam h\u00e1 s\u00e9culos: quando as for\u00e7as \u00edntimas est\u00e3o em equil\u00edbrio, a vida se expande, renova-se e se fortalece.<\/p>\n<p><!-- IN\u00cdCIO BLOCO VERTICAL --><\/p>\n<div style=\"max-width: 320px; margin: 30px auto; background: #fff; border-radius: 12px; padding: 20px; text-align: center; box-shadow: 0 4px 12px rgba(0,0,0,0.1); font-family: Arial,sans-serif;\">\n<p><img decoding=\"async\" style=\"width: 100%; border-radius: 8px;\" src=\"https:\/\/loja.visiteobrasil.com.br\/images\/capas3D\/Enigma-Capa-3D-BR-HOT.png\" alt=\"O Enigma da Cria\u00e7\u00e3o C\u00f3smica\" \/><\/p>\n<h2 style=\"margin: 15px 0 10px; font-size: 1.2rem; color: #2c3e50;\">O Enigma da Cria\u00e7\u00e3o C\u00f3smica<\/h2>\n<p style=\"font-size: 0.95rem; color: #555; margin-bottom: 16px;\">Antes do tempo, havia inten\u00e7\u00e3o. Antes da forma, havia consci\u00eancia. Um convite para desvendar os mist\u00e9rios que sustentam o universo. Explora\u00e7\u00f5es profundas entre ci\u00eancia, espiritualidade e o prop\u00f3sito da exist\u00eancia.<\/p>\n<p><a style=\"display: inline-block; background: #f39c12; color: #fff; font-weight: bold; padding: 10px 18px; border-radius: 6px; text-decoration: none;\" href=\"https:\/\/loja.visiteobrasil.com.br\/Amazon-Livro-meditacoes-diarias-emmanuel.html\" target=\"_blank\" rel=\"nofollow noopener\">Saiba mais<\/a><\/p>\n<\/div>\n<hr data-start=\"1432\" data-end=\"1435\" \/>\n<h2 data-start=\"1437\" data-end=\"1509\"><strong data-start=\"1440\" data-end=\"1509\">A ci\u00eancia investiga a conex\u00e3o entre espiritualidade e longevidade<\/strong><\/h2>\n<p data-start=\"1511\" data-end=\"1858\">Estudos recentes t\u00eam demonstrado que pessoas com pr\u00e1ticas espirituais regulares tendem a apresentar n\u00edveis mais baixos de estresse, maior estabilidade emocional e comportamentos de vida mais saud\u00e1veis. Isso refor\u00e7a o impacto direto da <strong data-start=\"1746\" data-end=\"1779\">espiritualidade e longevidade<\/strong> no organismo, principalmente no sistema imunol\u00f3gico e na sa\u00fade cardiovascular.<\/p>\n<h3 data-start=\"1860\" data-end=\"1920\"><strong data-start=\"1864\" data-end=\"1920\">Redu\u00e7\u00e3o do estresse e efeitos fisiol\u00f3gicos positivos<\/strong><\/h3>\n<p data-start=\"1922\" data-end=\"2332\">Quando a espiritualidade \u00e9 vivida de maneira constante \u2014 seja por meio da ora\u00e7\u00e3o, da <a href=\"https:\/\/pt.wikipedia.org\/wiki\/Medita%C3%A7%C3%A3o\" target=\"_blank\" rel=\"noopener\">medita\u00e7\u00e3o<\/a>, da leitura edificante ou da pr\u00e1tica da caridade \u2014 ocorre um equil\u00edbrio nos n\u00edveis hormonais. O cortisol, por exemplo, associado ao estresse cr\u00f4nico, tende a se estabilizar. Ao mesmo tempo, neurotransmissores ligados ao bem-estar crescem, criando um ambiente interno mais favor\u00e1vel \u00e0 regenera\u00e7\u00e3o f\u00edsica e emocional.<\/p>\n<p data-start=\"2334\" data-end=\"2563\">A ci\u00eancia reconhece que esses efeitos n\u00e3o s\u00e3o meramente subjetivos. H\u00e1 evid\u00eancias de que padr\u00f5es de pensamento e de f\u00e9 influenciam diretamente o sistema nervoso aut\u00f4nomo, promovendo relaxamento profundo e maior qualidade de vida.<\/p>\n<hr data-start=\"2565\" data-end=\"2568\" \/>\n<h2 data-start=\"2570\" data-end=\"2628\"><strong data-start=\"2573\" data-end=\"2628\">O olhar esp\u00edrita sobre vitalidade e energia da alma<\/strong><\/h2>\n<p data-start=\"2630\" data-end=\"2969\">Do ponto de vista esp\u00edrita, o corpo f\u00edsico \u00e9 envolvido por um campo energ\u00e9tico denominado perisp\u00edrito. \u00c9 nesse campo sutil que se registram emo\u00e7\u00f5es, pensamentos e inten\u00e7\u00f5es. Quando desarmonizado, o perisp\u00edrito afeta o corpo, e a sa\u00fade \u00e9 comprometida. Quando em equil\u00edbrio, promove vitalidade e favorece a <strong data-start=\"2935\" data-end=\"2968\">espiritualidade e longevidade<\/strong>.<\/p>\n<h3 data-start=\"2971\" data-end=\"3024\"><strong data-start=\"2975\" data-end=\"3024\">Vibra\u00e7\u00e3o espiritual e envelhecimento saud\u00e1vel<\/strong><\/h3>\n<p data-start=\"3026\" data-end=\"3331\">O esp\u00edrito, quando alimentado por pr\u00e1ticas elevadas, modifica a vibra\u00e7\u00e3o que irradia para o corpo. Uma mente serena gera emo\u00e7\u00f5es mais equilibradas, que por sua vez influenciam os processos biol\u00f3gicos. O envelhecimento, ent\u00e3o, passa a ser n\u00e3o apenas um fen\u00f4meno f\u00edsico, mas um reflexo das escolhas \u00edntimas.<\/p>\n<p data-start=\"3333\" data-end=\"3635\">Segundo <a href=\"https:\/\/loja.visiteobrasil.com.br\/artigos\/tempo-de-reencarnacao\/\">Allan Kardec<\/a> (em conte\u00fados preservados pela Kardecpedia), o pensamento possui for\u00e7a e a\u00e7\u00e3o sobre a pr\u00f3pria vida, podendo criar estados de paz ou inquieta\u00e7\u00e3o. Quando essa for\u00e7a \u00e9 cultivada de maneira consciente a partir de pr\u00e1ticas espirituais, o organismo responde com equil\u00edbrio e resist\u00eancia.<\/p>\n<hr data-start=\"3637\" data-end=\"3640\" \/>\n<h2 data-start=\"3642\" data-end=\"3703\"><strong data-start=\"3645\" data-end=\"3703\">Comportamentos espirituais que favorecem a longevidade<\/strong><\/h2>\n<p data-start=\"3705\" data-end=\"4017\">Diversas atitudes simples, realizadas de modo disciplinado, fortalecem o organismo e ampliam a sensa\u00e7\u00e3o de bem-estar. Pesquisadores notam que pessoas que integram a espiritualidade ao cotidiano possuem maior capacidade de enfrentar desafios, al\u00e9m de apresentarem menor \u00edndice de doen\u00e7as relacionadas ao estresse.<\/p>\n<h3 data-start=\"4019\" data-end=\"4066\"><strong data-start=\"4023\" data-end=\"4066\">Conex\u00e3o com prop\u00f3sito e sentido de vida<\/strong><\/h3>\n<p data-start=\"4067\" data-end=\"4286\">Sentir que a exist\u00eancia tem significado diminui a ansiedade e fortalece a motiva\u00e7\u00e3o para viver. Isso se reflete diretamente em mais energia vital, melhor sa\u00fade mental e maior disposi\u00e7\u00e3o para cultivar rela\u00e7\u00f5es saud\u00e1veis.<\/p>\n<h3 data-start=\"4288\" data-end=\"4327\"><strong data-start=\"4292\" data-end=\"4327\">Caridade como for\u00e7a terap\u00eautica<\/strong><\/h3>\n<p data-start=\"4328\" data-end=\"4540\">A ci\u00eancia j\u00e1 identificou que a\u00e7\u00f5es altru\u00edstas aumentam a libera\u00e7\u00e3o de subst\u00e2ncias que promovem satisfa\u00e7\u00e3o, como a ocitocina. No espiritismo, a caridade tamb\u00e9m purifica a vibra\u00e7\u00e3o e afasta sentimentos destrutivos.<\/p>\n<h3 data-start=\"4542\" data-end=\"4590\"><strong data-start=\"4546\" data-end=\"4590\">Alinhamento emocional e sa\u00fade preventiva<\/strong><\/h3>\n<p data-start=\"4591\" data-end=\"4766\">Ao compreender que as experi\u00eancias possuem um prop\u00f3sito evolutivo, o esp\u00edrito mant\u00e9m postura mais resiliente, capaz de enfrentar perdas, frustra\u00e7\u00f5es e mudan\u00e7as com serenidade.<\/p>\n<p data-start=\"4768\" data-end=\"4865\">Esses h\u00e1bitos constroem, a longo prazo, uma base s\u00f3lida para a <strong data-start=\"4831\" data-end=\"4864\">espiritualidade e longevidade<\/strong>.<\/p>\n<hr data-start=\"4867\" data-end=\"4870\" \/>\n<h2 data-start=\"4872\" data-end=\"4946\"><strong data-start=\"4875\" data-end=\"4946\">A uni\u00e3o entre ci\u00eancia e espiritualidade na busca por uma vida plena<\/strong><\/h2>\n<p data-start=\"4948\" data-end=\"5213\">O di\u00e1logo entre cientistas, fil\u00f3sofos e estudiosos da alma tem criado uma vis\u00e3o integrada do ser humano. A longevidade n\u00e3o \u00e9 mais percebida como destino biol\u00f3gico imut\u00e1vel, mas como um processo que envolve consci\u00eancia, emo\u00e7\u00f5es, comportamentos e vibra\u00e7\u00e3o espiritual.<\/p>\n<h3 data-start=\"5215\" data-end=\"5251\"><strong data-start=\"5219\" data-end=\"5251\">Novas fronteiras de pesquisa<\/strong><\/h3>\n<p data-start=\"5252\" data-end=\"5470\">Estudos envolvendo neuroplasticidade, bioenergia e estados ampliados de consci\u00eancia mostram que a mente possui papel ativo na preserva\u00e7\u00e3o da sa\u00fade. Quando conectada \u00e0 espiritualidade, essa for\u00e7a interna se intensifica.<\/p>\n<p data-start=\"5472\" data-end=\"5696\">A pr\u00f3pria f\u00edsica moderna \u2014 ainda que n\u00e3o confirme teorias espiritualistas \u2014 abre espa\u00e7o para compreender dimens\u00f5es vibrat\u00f3rias e sutis da realidade, sugerindo que a vida \u00e9 muito mais complexa e interligada do que percebemos.<\/p>\n<p><!-- IN\u00cdCIO V\u00cdDEO SHORT + BOT\u00c3O --><\/p>\n<div style=\"text-align: center; max-width: 480px; margin: 20px auto;\">\n<h2 style=\"font-size: 1.4rem; color: #2c3e50; margin-bottom: 8px;\">&#8216;O Enigma da cria\u00e7\u00e3o c\u00f3smica&#8217; &#8211; Espiritismo e extraterrestres sob uma nova perspectiva<\/h2>\n<p style=\"font-size: 1rem; color: #555;\">Clique no video para assistir. (Dura\u00e7\u00e3o 60&#8242;)<\/p>\n<\/div>\n<div style=\"max-width: 480px; margin: 0 auto; background: #fff; border-radius: 12px; padding: 20px; box-shadow: 0 4px 12px rgba(0,0,0,0.1); text-align: center;\">\n<div style=\"position: relative; padding-bottom: 177%; height: 0; overflow: hidden; border-radius: 12px;\"><iframe style=\"position: absolute; top: 0; left: 0; width: 100%; height: 100%; border-radius: 12px;\" src=\"https:\/\/youtube.com\/embed\/c2MZUCnwFY0?feature=share\" frameborder=\"0\" allowfullscreen=\"allowfullscreen\"><\/iframe><\/div>\n<p><a style=\"display: inline-block; margin-top: 15px; background: #f39c12; color: #fff; font-weight: bold; padding: 10px 20px; border-radius: 6px; text-decoration: none;\" href=\"https:\/\/loja.visiteobrasil.com.br\/Amazon-Livro-O-Enigmadacriacaocosmica.html\" target=\"_blank\" rel=\"nofollow noopener\">Saiba mais<\/a><\/p>\n<\/div>\n<hr data-start=\"5698\" data-end=\"5701\" \/>\n<h2 data-start=\"5703\" data-end=\"5719\"><strong data-start=\"5706\" data-end=\"5719\">Conclus\u00e3o<\/strong><\/h2>\n<p data-start=\"5721\" data-end=\"6075\">O conjunto de pesquisas atuais confirma que f\u00e9, prop\u00f3sito, equil\u00edbrio emocional e pr\u00e1ticas espirituais atuam como pilares fundamentais para uma vida mais longa e plena. Ao observar essa intera\u00e7\u00e3o profunda entre <strong data-start=\"5932\" data-end=\"5965\">espiritualidade e longevidade<\/strong>, torna-se evidente que cuidar do esp\u00edrito \u00e9 cuidar do corpo, da mente e do tempo que ainda temos pela frente.<\/p>\n<p data-start=\"6077\" data-end=\"6286\">Como afirma Andr\u00e9 Luiz: \u201cA sa\u00fade \u00e9 o resultado da harmonia do esp\u00edrito\u201d. E essa harmonia, quando cultivada com amor, transforma cada etapa da vida numa oportunidade de evolu\u00e7\u00e3o e perman\u00eancia luminosa no mundo.<\/p>\n<hr data-start=\"6288\" data-end=\"6291\" \/>\n<p data-start=\"6293\" data-end=\"6431\"><strong data-start=\"6293\" data-end=\"6431\">Para explorar mais sobre este e outros temas espirituais, visite a loja: <a class=\"decorated-link\" href=\"https:\/\/loja.visiteobrasil.com.br\/pagina-inicial-hotmart.html\" target=\"_new\" rel=\"noopener\" data-start=\"6368\" data-end=\"6429\">https:\/\/loja.visiteobrasil.com.br\/pagina-inicial-hotmart.html<\/a><\/strong><\/p>\n<p data-start=\"6433\" data-end=\"6727\"><strong data-start=\"6433\" data-end=\"6465\">Divulgue a Doutrina Esp\u00edrita<\/strong> \u2013 isso tamb\u00e9m \u00e9 uma forma de caridade.<br data-start=\"6504\" data-end=\"6507\" \/>Inscreva-se em nosso <strong data-start=\"6528\" data-end=\"6555\">Canal Evolu\u00e7\u00e3o Esp\u00edrita<\/strong> no YouTube e compartilhe com quem busca luz e entendimento espiritual.<br data-start=\"6626\" data-end=\"6629\" \/><strong data-start=\"6629\" data-end=\"6678\">\ud83d\udd17 Inscreva-se agora: Canal Evolu\u00e7\u00e3o Esp\u00edrita<\/strong><br data-start=\"6678\" data-end=\"6681\" \/><a class=\"decorated-link\" href=\"https:\/\/www.youtube.com\/@CanalEvolucaoEspirita\" target=\"_new\" rel=\"noopener\" data-start=\"6681\" data-end=\"6727\">https:\/\/www.youtube.com\/@CanalEvolucaoEspirita<\/a><\/p>\n","protected":false},"excerpt":{"rendered":"<p>A rela\u00e7\u00e3o entre espiritualidade e longevidade deixou de ser apenas uma reflex\u00e3o filos\u00f3fica e tornou-se objeto de investiga\u00e7\u00e3o cient\u00edfica em [&hellip;]<\/p>\n","protected":false},"author":1,"featured_media":1381,"comment_status":"open","ping_status":"open","sticky":false,"template":"","format":"standard","meta":{"site-sidebar-layout":"default","site-content-layout":"","ast-site-content-layout":"default","site-content-style":"default","site-sidebar-style":"default","ast-global-header-display":"","ast-banner-title-visibility":"","ast-main-header-display":"","ast-hfb-above-header-display":"","ast-hfb-below-header-display":"","ast-hfb-mobile-header-display":"","site-post-title":"","ast-breadcrumbs-content":"","ast-featured-img":"","footer-sml-layout":"","ast-disable-related-posts":"","theme-transparent-header-meta":"default","adv-header-id-meta":"","stick-header-meta":"","header-above-stick-meta":"","header-main-stick-meta":"","header-below-stick-meta":"","astra-migrate-meta-layouts":"set","ast-page-background-enabled":"default","ast-page-background-meta":{"desktop":{"background-color":"var(--ast-global-color-5)","background-image":"","background-repeat":"repeat","background-position":"center center","background-size":"auto","background-attachment":"scroll","background-type":"","background-media":"","overlay-type":"","overlay-color":"","overlay-opacity":"","overlay-gradient":""},"tablet":{"background-color":"","background-image":"","background-repeat":"repeat","background-position":"center center","background-size":"auto","background-attachment":"scroll","background-type":"","background-media":"","overlay-type":"","overlay-color":"","overlay-opacity":"","overlay-gradient":""},"mobile":{"background-color":"","background-image":"","background-repeat":"repeat","background-position":"center center","background-size":"auto","background-attachment":"scroll","background-type":"","background-media":"","overlay-type":"","overlay-color":"","overlay-opacity":"","overlay-gradient":""}},"ast-content-background-meta":{"desktop":{"background-color":"var(--ast-global-color-4)","background-image":"","background-repeat":"repeat","background-position":"center center","background-size":"auto","background-attachment":"scroll","background-type":"","background-media":"","overlay-type":"","overlay-color":"","overlay-opacity":"","overlay-gradient":""},"tablet":{"background-color":"var(--ast-global-color-4)","background-image":"","background-repeat":"repeat","background-position":"center center","background-size":"auto","background-attachment":"scroll","background-type":"","background-media":"","overlay-type":"","overlay-color":"","overlay-opacity":"","overlay-gradient":""},"mobile":{"background-color":"var(--ast-global-color-4)","background-image":"","background-repeat":"repeat","background-position":"center center","background-size":"auto","background-attachment":"scroll","background-type":"","background-media":"","overlay-type":"","overlay-color":"","overlay-opacity":"","overlay-gradient":""}},"jetpack_post_was_ever_published":false,"_jetpack_newsletter_access":"","_jetpack_dont_email_post_to_subs":false,"_jetpack_newsletter_tier_id":0,"_jetpack_memberships_contains_paywalled_content":false,"_jetpack_memberships_contains_paid_content":false,"footnotes":"","jetpack_publicize_message":"","jetpack_publicize_feature_enabled":true,"jetpack_social_post_already_shared":true,"jetpack_social_options":{"image_generator_settings":{"template":"highway","default_image_id":0,"font":"","enabled":false},"version":2}},"categories":[4,8],"tags":[17,28,250,36,77,151],"class_list":["post-1380","post","type-post","status-publish","format-standard","has-post-thumbnail","hentry","category-ciencia-e-espiritualidade","category-espiritualidade","tag-allan-kardec","tag-autoconhecimento","tag-bem-estar","tag-ciencia-e-espiritualidade","tag-espiritualidade","tag-saude-emocional"],"jetpack_publicize_connections":[],"jetpack_featured_media_url":"https:\/\/loja.visiteobrasil.com.br\/artigos\/wp-content\/uploads\/2025\/11\/espiritualidade-e-longevidade.jpeg","jetpack_sharing_enabled":true,"jetpack_likes_enabled":true,"jetpack-related-posts":[{"id":1340,"url":"https:\/\/loja.visiteobrasil.com.br\/artigos\/ciencia-espiritual\/","url_meta":{"origin":1380,"position":0},"title":"A influ\u00eancia da ci\u00eancia espiritual no entendimento das cren\u00e7as","author":"ramonandrade0505","date":"novembro 9, 2025","format":false,"excerpt":"A ci\u00eancia espiritual vem ganhando destaque em tempos de busca interior e de integra\u00e7\u00e3o entre mente, corpo e alma. Ao longo das \u00faltimas d\u00e9cadas, neurocientistas, psic\u00f3logos e f\u00edsicos t\u00eam se dedicado a compreender como as experi\u00eancias espirituais influenciam o c\u00e9rebro humano, moldando emo\u00e7\u00f5es, comportamentos e percep\u00e7\u00f5es da realidade. O espiritismo,\u2026","rel":"","context":"Em &quot;Ci\u00eancia e espiritualidade&quot;","block_context":{"text":"Ci\u00eancia e espiritualidade","link":"https:\/\/loja.visiteobrasil.com.br\/artigos\/category\/ciencia-e-espiritualidade\/"},"img":{"alt_text":"Ci\u00eancia espiritual: Ilustra\u00e7\u00e3o suave mostrando a uni\u00e3o entre ci\u00eancia e espiritualidade, com c\u00e9rebro humano e luz espiritual ao fundo.","src":"https:\/\/i0.wp.com\/loja.visiteobrasil.com.br\/artigos\/wp-content\/uploads\/2025\/11\/ciencia-espiritual.jpeg?resize=350%2C200&ssl=1","width":350,"height":200,"srcset":"https:\/\/i0.wp.com\/loja.visiteobrasil.com.br\/artigos\/wp-content\/uploads\/2025\/11\/ciencia-espiritual.jpeg?resize=350%2C200&ssl=1 1x, https:\/\/i0.wp.com\/loja.visiteobrasil.com.br\/artigos\/wp-content\/uploads\/2025\/11\/ciencia-espiritual.jpeg?resize=525%2C300&ssl=1 1.5x"},"classes":[]},{"id":488,"url":"https:\/\/loja.visiteobrasil.com.br\/artigos\/interface-ciencia-espiritualidade-saude-mental\/","url_meta":{"origin":1380,"position":1},"title":"A interface entre ci\u00eancia, espiritualidade e sa\u00fade mental","author":"Ramon Andrade","date":"julho 28, 2025","format":false,"excerpt":"Estudos sobre experi\u00eancias de quase-morte ampliam a vis\u00e3o cient\u00edfica. A interface entre ci\u00eancia, espiritualidade e sa\u00fade mental vem ganhando cada vez mais espa\u00e7o em pesquisas, rodas de conversa e reflex\u00f5es profundas. Em um mundo que ainda separa o racional do sutil, avan\u00e7amos para uma era de integra\u00e7\u00e3o, onde corpo, mente\u2026","rel":"","context":"Em &quot;Ci\u00eancia e espiritualidade&quot;","block_context":{"text":"Ci\u00eancia e espiritualidade","link":"https:\/\/loja.visiteobrasil.com.br\/artigos\/category\/ciencia-e-espiritualidade\/"},"img":{"alt_text":"Espiritualidade no dia a dia","src":"https:\/\/i0.wp.com\/loja.visiteobrasil.com.br\/artigos\/wp-content\/uploads\/2025\/07\/espiritualidade-no-dia-a-dia-1.jpeg?resize=350%2C200&ssl=1","width":350,"height":200,"srcset":"https:\/\/i0.wp.com\/loja.visiteobrasil.com.br\/artigos\/wp-content\/uploads\/2025\/07\/espiritualidade-no-dia-a-dia-1.jpeg?resize=350%2C200&ssl=1 1x, https:\/\/i0.wp.com\/loja.visiteobrasil.com.br\/artigos\/wp-content\/uploads\/2025\/07\/espiritualidade-no-dia-a-dia-1.jpeg?resize=525%2C300&ssl=1 1.5x, https:\/\/i0.wp.com\/loja.visiteobrasil.com.br\/artigos\/wp-content\/uploads\/2025\/07\/espiritualidade-no-dia-a-dia-1.jpeg?resize=700%2C400&ssl=1 2x"},"classes":[]},{"id":1268,"url":"https:\/\/loja.visiteobrasil.com.br\/artigos\/misterios-do-universo-espiritual\/","url_meta":{"origin":1380,"position":2},"title":"A f\u00edsica e os mist\u00e9rios do universo espiritual","author":"ramonandrade0505","date":"setembro 30, 2025","format":false,"excerpt":"A f\u00edsica e a espiritualidade podem convergir em novas descobertas. A f\u00edsica e os mist\u00e9rios do universo espiritual sempre despertaram curiosidade e reflex\u00e3o. Desde a antiguidade, os homens buscam compreender o invis\u00edvel, o imaterial, aquilo que escapa aos sentidos imediatos. Enquanto a f\u00edsica cl\u00e1ssica nos ajudou a entender as leis\u2026","rel":"","context":"Em &quot;Ci\u00eancia e espiritualidade&quot;","block_context":{"text":"Ci\u00eancia e espiritualidade","link":"https:\/\/loja.visiteobrasil.com.br\/artigos\/category\/ciencia-e-espiritualidade\/"},"img":{"alt_text":"Universo espiritual: Ilustra\u00e7\u00e3o de luz c\u00f3smica representando a uni\u00e3o entre ci\u00eancia e espiritualidade, com elementos do espa\u00e7o e energia sutil.","src":"https:\/\/i0.wp.com\/loja.visiteobrasil.com.br\/artigos\/wp-content\/uploads\/2025\/09\/universo-espiritual.jpeg?resize=350%2C200&ssl=1","width":350,"height":200,"srcset":"https:\/\/i0.wp.com\/loja.visiteobrasil.com.br\/artigos\/wp-content\/uploads\/2025\/09\/universo-espiritual.jpeg?resize=350%2C200&ssl=1 1x, https:\/\/i0.wp.com\/loja.visiteobrasil.com.br\/artigos\/wp-content\/uploads\/2025\/09\/universo-espiritual.jpeg?resize=525%2C300&ssl=1 1.5x"},"classes":[]},{"id":1356,"url":"https:\/\/loja.visiteobrasil.com.br\/artigos\/a-reencarnacao-e-suas-evidencias\/","url_meta":{"origin":1380,"position":3},"title":"Como a ci\u00eancia investiga a reencarna\u00e7\u00e3o e suas evid\u00eancias","author":"ramonandrade0505","date":"novembro 17, 2025","format":false,"excerpt":"A reencarna\u00e7\u00e3o tem acompanhado a humanidade desde os tempos mais remotos, atravessando religi\u00f5es, culturas e caminhos espirituais. Mas, nas \u00faltimas d\u00e9cadas, ela deixou de ser apenas um tema filos\u00f3fico para ganhar espa\u00e7o tamb\u00e9m no campo da investiga\u00e7\u00e3o cient\u00edfica. Para muitos pesquisadores, compreender a possibilidade da continuidade da consci\u00eancia ap\u00f3s a\u2026","rel":"","context":"Em &quot;Blog&quot;","block_context":{"text":"Blog","link":"https:\/\/loja.visiteobrasil.com.br\/artigos\/category\/blog\/"},"img":{"alt_text":"A reencarna\u00e7\u00e3o: Uma mulher feliz em campos floridos","src":"https:\/\/i0.wp.com\/loja.visiteobrasil.com.br\/artigos\/wp-content\/uploads\/2025\/11\/a-reencarnacao.jpeg?resize=350%2C200&ssl=1","width":350,"height":200,"srcset":"https:\/\/i0.wp.com\/loja.visiteobrasil.com.br\/artigos\/wp-content\/uploads\/2025\/11\/a-reencarnacao.jpeg?resize=350%2C200&ssl=1 1x, https:\/\/i0.wp.com\/loja.visiteobrasil.com.br\/artigos\/wp-content\/uploads\/2025\/11\/a-reencarnacao.jpeg?resize=525%2C300&ssl=1 1.5x"},"classes":[]},{"id":137,"url":"https:\/\/loja.visiteobrasil.com.br\/artigos\/escolha-espiritual-da-familia\/","url_meta":{"origin":1380,"position":4},"title":"A escolha espiritual da fam\u00edlia antes da reencarna\u00e7\u00e3o","author":"Ramon Andrade","date":"junho 29, 2025","format":false,"excerpt":"Voc\u00ea j\u00e1 se perguntou por que nasceu justamente na fam\u00edlia em que est\u00e1? Por que teve determinados pais, irm\u00e3os ou filhos? Ou por que atraiu certos relacionamentos marcantes \u2014 sejam de amor ou dor? Para o espiritismo, essas rela\u00e7\u00f5es n\u00e3o s\u00e3o fruto do acaso, mas resultado da escolha espiritual da\u2026","rel":"","context":"Em &quot;Espiritualidade&quot;","block_context":{"text":"Espiritualidade","link":"https:\/\/loja.visiteobrasil.com.br\/artigos\/category\/espiritualidade\/"},"img":{"alt_text":"Escolha espiritual da fam\u00edlia","src":"https:\/\/i0.wp.com\/loja.visiteobrasil.com.br\/artigos\/wp-content\/uploads\/2025\/06\/escolha-espiritual-da-familia-1.jpeg?resize=350%2C200&ssl=1","width":350,"height":200,"srcset":"https:\/\/i0.wp.com\/loja.visiteobrasil.com.br\/artigos\/wp-content\/uploads\/2025\/06\/escolha-espiritual-da-familia-1.jpeg?resize=350%2C200&ssl=1 1x, https:\/\/i0.wp.com\/loja.visiteobrasil.com.br\/artigos\/wp-content\/uploads\/2025\/06\/escolha-espiritual-da-familia-1.jpeg?resize=525%2C300&ssl=1 1.5x, https:\/\/i0.wp.com\/loja.visiteobrasil.com.br\/artigos\/wp-content\/uploads\/2025\/06\/escolha-espiritual-da-familia-1.jpeg?resize=700%2C400&ssl=1 2x"},"classes":[]},{"id":168,"url":"https:\/\/loja.visiteobrasil.com.br\/artigos\/sinais-despertar-espiritual\/","url_meta":{"origin":1380,"position":5},"title":"Despertar espiritual: 3 sinais da alma pronta","author":"Ramon Andrade","date":"julho 1, 2025","format":false,"excerpt":"O despertar espiritual \u00e9 um momento decisivo na trajet\u00f3ria de evolu\u00e7\u00e3o de qualquer ser. Quando a alma est\u00e1 pronta, sinais sutis e profundos come\u00e7am a se manifestar, indicando que chegou o tempo de transcender as preocupa\u00e7\u00f5es mundanas e buscar uma conex\u00e3o mais elevada com o divino e consigo mesmo. Esse\u2026","rel":"","context":"Em &quot;Doutrina esp\u00edrita&quot;","block_context":{"text":"Doutrina esp\u00edrita","link":"https:\/\/loja.visiteobrasil.com.br\/artigos\/category\/doutrina-espirita\/"},"img":{"alt_text":"O despertar espiritual","src":"https:\/\/i0.wp.com\/loja.visiteobrasil.com.br\/artigos\/wp-content\/uploads\/2025\/07\/despertar-espiritual-1.jpeg?resize=350%2C200&ssl=1","width":350,"height":200,"srcset":"https:\/\/i0.wp.com\/loja.visiteobrasil.com.br\/artigos\/wp-content\/uploads\/2025\/07\/despertar-espiritual-1.jpeg?resize=350%2C200&ssl=1 1x, https:\/\/i0.wp.com\/loja.visiteobrasil.com.br\/artigos\/wp-content\/uploads\/2025\/07\/despertar-espiritual-1.jpeg?resize=525%2C300&ssl=1 1.5x, https:\/\/i0.wp.com\/loja.visiteobrasil.com.br\/artigos\/wp-content\/uploads\/2025\/07\/despertar-espiritual-1.jpeg?resize=700%2C400&ssl=1 2x"},"classes":[]}],"_links":{"self":[{"href":"https:\/\/loja.visiteobrasil.com.br\/artigos\/wp-json\/wp\/v2\/posts\/1380","targetHints":{"allow":["GET"]}}],"collection":[{"href":"https:\/\/loja.visiteobrasil.com.br\/artigos\/wp-json\/wp\/v2\/posts"}],"about":[{"href":"https:\/\/loja.visiteobrasil.com.br\/artigos\/wp-json\/wp\/v2\/types\/post"}],"author":[{"embeddable":true,"href":"https:\/\/loja.visiteobrasil.com.br\/artigos\/wp-json\/wp\/v2\/users\/1"}],"replies":[{"embeddable":true,"href":"https:\/\/loja.visiteobrasil.com.br\/artigos\/wp-json\/wp\/v2\/comments?post=1380"}],"version-history":[{"count":2,"href":"https:\/\/loja.visiteobrasil.com.br\/artigos\/wp-json\/wp\/v2\/posts\/1380\/revisions"}],"predecessor-version":[{"id":1383,"href":"https:\/\/loja.visiteobrasil.com.br\/artigos\/wp-json\/wp\/v2\/posts\/1380\/revisions\/1383"}],"wp:featuredmedia":[{"embeddable":true,"href":"https:\/\/loja.visiteobrasil.com.br\/artigos\/wp-json\/wp\/v2\/media\/1381"}],"wp:attachment":[{"href":"https:\/\/loja.visiteobrasil.com.br\/artigos\/wp-json\/wp\/v2\/media?parent=1380"}],"wp:term":[{"taxonomy":"category","embeddable":true,"href":"https:\/\/loja.visiteobrasil.com.br\/artigos\/wp-json\/wp\/v2\/categories?post=1380"},{"taxonomy":"post_tag","embeddable":true,"href":"https:\/\/loja.visiteobrasil.com.br\/artigos\/wp-json\/wp\/v2\/tags?post=1380"}],"curies":[{"name":"wp","href":"https:\/\/api.w.org\/{rel}","templated":true}]}}