{"id":1489,"date":"2026-02-04T00:09:43","date_gmt":"2026-02-04T00:09:43","guid":{"rendered":"https:\/\/loja.visiteobrasil.com.br\/artigos\/?p=1489"},"modified":"2026-02-04T00:09:43","modified_gmt":"2026-02-04T00:09:43","slug":"divorcio-no-espiritismo","status":"publish","type":"post","link":"https:\/\/loja.visiteobrasil.com.br\/artigos\/divorcio-no-espiritismo\/","title":{"rendered":"Div\u00f3rcio no espiritismo: o que a doutrina ensina sobre separa\u00e7\u00e3o"},"content":{"rendered":"<p data-start=\"153\" data-end=\"583\"><strong data-start=\"153\" data-end=\"180\">Div\u00f3rcio no <a href=\"https:\/\/loja.visiteobrasil.com.br\/artigos\/sinais-despertar-espiritual\/\">espiritismo<\/a><\/strong> \u00e9 um tema que costuma despertar sentimentos contradit\u00f3rios. Para alguns, traz culpa; para outros, al\u00edvio; para muitos, dor e confus\u00e3o espiritual. Crescemos, em grande parte, ouvindo que o casamento deve ser mantido a qualquer custo, como se o sofrimento fosse prova de virtude. A Doutrina Esp\u00edrita, no entanto, oferece um olhar mais l\u00facido, humano e profundamente consolador sobre a separa\u00e7\u00e3o conjugal.<\/p>\n<p data-start=\"585\" data-end=\"949\">Ao abordar o <strong data-start=\"598\" data-end=\"625\">div\u00f3rcio no espiritismo<\/strong>, n\u00e3o encontramos discursos punitivos nem condena\u00e7\u00f5es morais. Encontramos compreens\u00e3o, responsabilidade e, sobretudo, respeito ao processo evolutivo do Esp\u00edrito. Este artigo foi escrito para quem passa por esse dilema \u2014 ou para quem deseja compreender o tema com maturidade espiritual, <a href=\"https:\/\/loja.visiteobrasil.com.br\/artigos\/depressao-e-ansiedade-na-visao-espirita\/\">equil\u00edbrio emocional<\/a> e f\u00e9 raciocinada.<\/p>\n<hr data-start=\"951\" data-end=\"954\" \/>\n<h2 data-start=\"956\" data-end=\"1001\"><strong data-start=\"959\" data-end=\"1001\">O casamento \u00e0 luz da Doutrina Esp\u00edrita<\/strong><\/h2>\n<p data-start=\"1003\" data-end=\"1298\">Para compreender o <strong data-start=\"1022\" data-end=\"1049\">div\u00f3rcio no espiritismo<\/strong>, \u00e9 essencial entender primeiro como o Espiritismo enxerga o casamento. Diferentemente de vis\u00f5es dogm\u00e1ticas, a Doutrina Esp\u00edrita n\u00e3o considera o matrim\u00f4nio um sacramento indissol\u00favel, mas um compromisso moral entre Esp\u00edritos em processo de evolu\u00e7\u00e3o.<\/p>\n<p data-start=\"1300\" data-end=\"1620\">Segundo <a href=\"https:\/\/loja.visiteobrasil.com.br\/artigos\/tempo-de-reencarnacao\/\">Allan Kardec<\/a>, o casamento \u00e9 uma institui\u00e7\u00e3o humana necess\u00e1ria ao progresso social, mas n\u00e3o imposta como obriga\u00e7\u00e3o espiritual eterna. Esp\u00edritos se unem por afinidade, aprendizado ou necessidade de reajuste. Essas uni\u00f5es podem ser harmoniosas ou desafiadoras, dependendo do grau de maturidade moral dos envolvidos.<\/p>\n<p data-start=\"1622\" data-end=\"1842\">Assim, quando o v\u00ednculo deixa de cumprir sua fun\u00e7\u00e3o educativa e passa a gerar sofrimento cont\u00ednuo, desequil\u00edbrio emocional e adoecimento espiritual, a separa\u00e7\u00e3o pode se tornar n\u00e3o um fracasso, mas uma decis\u00e3o consciente.<\/p>\n<p><!-- IN\u00cdCIO BLOCO VERTICAL --><\/p>\n<div style=\"max-width: 320px; margin: 30px auto; background: #fff; border-radius: 12px; padding: 20px; text-align: center; box-shadow: 0 4px 12px rgba(0,0,0,0.1); font-family: Arial,sans-serif;\">\n<p><img decoding=\"async\" style=\"width: 100%; border-radius: 8px;\" src=\"https:\/\/loja.visiteobrasil.com.br\/images\/capas3D\/Milagres-Capa-3D-BR-HOT.png\" alt=\"Os Milagres de Jesus\" \/><\/p>\n<h2 style=\"margin: 15px 0 10px; font-size: 1.2rem; color: #2c3e50;\">Os Milagres de Jesus<\/h2>\n<p style=\"font-size: 0.95rem; color: #555; margin-bottom: 16px;\">&#8220;Mais que curas, Ele despertava almas. Neste livro, cada milagre \u00e9 uma li\u00e7\u00e3o de f\u00e9 e transforma\u00e7\u00e3o. Descubra como a luz do amor pode renovar cora\u00e7\u00f5es e mentes. Um convite para sentir a presen\u00e7a divina em cada p\u00e1gina.&#8221;<\/p>\n<p><a style=\"display: inline-block; background: #f39c12; color: #fff; font-weight: bold; padding: 10px 18px; border-radius: 6px; text-decoration: none;\" href=\"https:\/\/loja.visiteobrasil.com.br\/compre-o-livro-os-milagres-de-jesus-hotmart.html\" target=\"_blank\" rel=\"nofollow noopener\">Saiba mais<\/a><\/p>\n<\/div>\n<hr data-start=\"1844\" data-end=\"1847\" \/>\n<h2 data-start=\"1849\" data-end=\"1905\"><strong data-start=\"1852\" data-end=\"1905\">Div\u00f3rcio no espiritismo e a lei de causa e efeito<\/strong><\/h2>\n<p data-start=\"1907\" data-end=\"2161\">A lei de <a href=\"https:\/\/loja.visiteobrasil.com.br\/artigos\/causa-e-efeito\/\">causa e efeito<\/a> \u00e9 um dos pilares da Doutrina Esp\u00edrita e ajuda a compreender profundamente o <strong data-start=\"2007\" data-end=\"2034\">div\u00f3rcio no espiritismo<\/strong>. Nenhuma rela\u00e7\u00e3o come\u00e7a ou termina sem raz\u00f5es espirituais. No entanto, isso n\u00e3o significa que a separa\u00e7\u00e3o seja puni\u00e7\u00e3o divina.<\/p>\n<p data-start=\"2163\" data-end=\"2458\">Muitos casais se reencontram nesta vida para resolver pend\u00eancias do passado. Quando conseguem aprender juntos \u2014 por meio do respeito, do di\u00e1logo e do amor \u2014 a uni\u00e3o se fortalece. Mas h\u00e1 situa\u00e7\u00f5es em que o aprendizado ocorre justamente pela ruptura, pela necessidade de seguir caminhos distintos.<\/p>\n<p data-start=\"2460\" data-end=\"2643\">O Espiritismo ensina que Deus n\u00e3o exige que o Esp\u00edrito permane\u00e7a em ambientes que o conduzam ao desequil\u00edbrio moral. A perman\u00eancia no erro ou no sofrimento n\u00e3o gera m\u00e9rito espiritual.<\/p>\n<hr data-start=\"2645\" data-end=\"2648\" \/>\n<h2 data-start=\"2650\" data-end=\"2713\"><strong data-start=\"2653\" data-end=\"2713\">Quando o div\u00f3rcio \u00e9 uma medida de preserva\u00e7\u00e3o espiritual<\/strong><\/h2>\n<p data-start=\"2715\" data-end=\"2982\">H\u00e1 casos em que insistir na conviv\u00eancia conjugal significa alimentar m\u00e1goas, viol\u00eancia emocional, humilha\u00e7\u00f5es constantes ou rela\u00e7\u00f5es abusivas. Nessas circunst\u00e2ncias, o <strong data-start=\"2883\" data-end=\"2910\">div\u00f3rcio no espiritismo<\/strong> pode ser entendido como um ato de preserva\u00e7\u00e3o da dignidade do Esp\u00edrito.<\/p>\n<p data-start=\"2984\" data-end=\"3216\">A Doutrina Esp\u00edrita n\u00e3o defende o sacrif\u00edcio cego nem a submiss\u00e3o destrutiva. Allan Kardec \u00e9 claro ao afirmar que a verdadeira prova n\u00e3o est\u00e1 no sofrimento in\u00fatil, mas na capacidade de agir com consci\u00eancia, \u00e9tica e responsabilidade.<\/p>\n<p data-start=\"3218\" data-end=\"3410\">Separar-se n\u00e3o significa abandonar compromissos espirituais. Significa, muitas vezes, evitar novos d\u00e9bitos morais, preservar a <a href=\"https:\/\/loja.visiteobrasil.com.br\/artigos\/interface-ciencia-espiritualidade-saude-mental\/\">sa\u00fade mental<\/a> e criar condi\u00e7\u00f5es para um recome\u00e7o mais equilibrado.<\/p>\n<hr data-start=\"3412\" data-end=\"3415\" \/>\n<h2 data-start=\"3417\" data-end=\"3467\"><strong data-start=\"3420\" data-end=\"3467\">Div\u00f3rcio no espiritismo e a sa\u00fade emocional<\/strong><\/h2>\n<p data-start=\"3469\" data-end=\"3733\">O impacto emocional de um div\u00f3rcio \u00e9 profundo. Culpa, medo, tristeza e sensa\u00e7\u00e3o de fracasso s\u00e3o sentimentos comuns. O <strong data-start=\"3587\" data-end=\"3614\">div\u00f3rcio no espiritismo<\/strong> oferece uma chave importante para lidar com essas dores: a compreens\u00e3o de que a vida n\u00e3o se resume a um \u00fanico v\u00ednculo.<\/p>\n<p data-start=\"3735\" data-end=\"3971\">Do ponto de vista espiritual, somos Esp\u00edritos imortais, vivendo experi\u00eancias tempor\u00e1rias. Nenhuma rela\u00e7\u00e3o define completamente quem somos. Essa vis\u00e3o ajuda a reduzir a autocr\u00edtica excessiva e a reconstruir a autoestima ap\u00f3s a separa\u00e7\u00e3o.<\/p>\n<p data-start=\"3973\" data-end=\"4162\">Quando o div\u00f3rcio \u00e9 vivido com respeito, di\u00e1logo poss\u00edvel e responsabilidade \u2014 especialmente quando h\u00e1 filhos \u2014 ele pode se transformar em um marco de amadurecimento emocional e espiritual.<\/p>\n<hr data-start=\"4164\" data-end=\"4167\" \/>\n<h2 data-start=\"4169\" data-end=\"4206\"><strong data-start=\"4172\" data-end=\"4206\">E quando h\u00e1 filhos envolvidos?<\/strong><\/h2>\n<p data-start=\"4208\" data-end=\"4434\">Uma das maiores ang\u00fastias relacionadas ao <strong data-start=\"4250\" data-end=\"4277\">div\u00f3rcio no espiritismo<\/strong> envolve os filhos. Muitos pais se perguntam se est\u00e3o falhando espiritualmente ao romper o casamento. A Doutrina Esp\u00edrita responde com clareza e acolhimento.<\/p>\n<p data-start=\"4436\" data-end=\"4757\">Os Esp\u00edritos reencarnam em fam\u00edlias espec\u00edficas para viver experi\u00eancias necess\u00e1rias ao seu progresso. O lar ideal n\u00e3o \u00e9 aquele sem conflitos aparentes, mas aquele onde h\u00e1 verdade, respeito e amor poss\u00edvel. Crescer em um ambiente de hostilidade permanente pode ser mais prejudicial do que viver em dois lares equilibrados.<\/p>\n<p data-start=\"4759\" data-end=\"4934\">O compromisso espiritual com os filhos permanece, independentemente do estado civil dos pais. Amor, presen\u00e7a e exemplo moral continuam sendo os pilares da educa\u00e7\u00e3o espiritual.<\/p>\n<hr data-start=\"4936\" data-end=\"4939\" \/>\n<h2 data-start=\"4941\" data-end=\"4998\"><strong data-start=\"4944\" data-end=\"4998\">O que Allan Kardec ensina sobre separa\u00e7\u00e3o conjugal<\/strong><\/h2>\n<p data-start=\"5000\" data-end=\"5221\">Allan Kardec aborda o tema da uni\u00e3o e da separa\u00e7\u00e3o de forma indireta, mas extremamente l\u00facida. Em <em data-start=\"5098\" data-end=\"5133\">O Evangelho segundo o Espiritismo<\/em>, ele enfatiza que Deus deseja o progresso do Esp\u00edrito, n\u00e3o sua infelicidade prolongada.<\/p>\n<p data-start=\"5223\" data-end=\"5485\">Segundo Allan Kardec, \u201ctoda uni\u00e3o for\u00e7ada \u00e9 contr\u00e1ria \u00e0 lei natural\u201d. Essa compreens\u00e3o refor\u00e7a que o <strong data-start=\"5324\" data-end=\"5351\">div\u00f3rcio no espiritismo<\/strong> n\u00e3o \u00e9 visto como pecado, mas como consequ\u00eancia de escolhas humanas que devem ser analisadas com responsabilidade e consci\u00eancia moral.<\/p>\n<p data-start=\"5487\" data-end=\"5660\">Para leitura direta das obras originais e estudo aprofundado, uma fonte segura e confi\u00e1vel \u00e9 a <a href=\"https:\/\/kardecpedia.com\/\" target=\"_blank\" rel=\"noopener\"><strong data-start=\"5582\" data-end=\"5601\">kardecpedia.com<\/strong><\/a>, que re\u00fane os textos fundamentais da Codifica\u00e7\u00e3o Esp\u00edrita.<\/p>\n<hr data-start=\"5662\" data-end=\"5665\" \/>\n<h2 data-start=\"5667\" data-end=\"5741\"><strong data-start=\"5670\" data-end=\"5741\">Div\u00f3rcio no espiritismo n\u00e3o rompe la\u00e7os espirituais automaticamente<\/strong><\/h2>\n<p data-start=\"5743\" data-end=\"5999\">Um ponto importante: o <strong data-start=\"5766\" data-end=\"5793\">div\u00f3rcio no espiritismo<\/strong> dissolve o v\u00ednculo jur\u00eddico e a conviv\u00eancia material, mas n\u00e3o apaga automaticamente os la\u00e7os espirituais. Se houver pend\u00eancias morais, elas poder\u00e3o ser retomadas em outras exist\u00eancias, sob novas condi\u00e7\u00f5es.<\/p>\n<p data-start=\"6001\" data-end=\"6197\">Por isso, o Espiritismo orienta que a separa\u00e7\u00e3o seja feita, sempre que poss\u00edvel, com respeito, perd\u00e3o e consci\u00eancia. Romper com \u00f3dio apenas adia aprendizados. Romper com maturidade encerra ciclos.<\/p>\n<p data-start=\"6199\" data-end=\"6303\">A verdadeira liberta\u00e7\u00e3o espiritual n\u00e3o est\u00e1 em \u201cse livrar\u201d do outro, mas em n\u00e3o carregar ressentimentos.<\/p>\n<hr data-start=\"6305\" data-end=\"6308\" \/>\n<h3 data-start=\"6310\" data-end=\"6392\">Para explorar mais sobre este e outros temas espirituais, visite nossa loja:<\/h3>\n<p data-start=\"6393\" data-end=\"6457\">\ud83d\udc49 <a class=\"decorated-link\" href=\"https:\/\/loja.visiteobrasil.com.br\/pagina-inicial-hotmart.html\" target=\"_new\" rel=\"noopener\" data-start=\"6396\" data-end=\"6457\">https:\/\/loja.visiteobrasil.com.br\/pagina-inicial-hotmart.html<\/a><\/p>\n<hr data-start=\"6459\" data-end=\"6462\" \/>\n<h2 data-start=\"6464\" data-end=\"6524\"><strong data-start=\"6467\" data-end=\"6524\">Conclus\u00e3o \u2014 separar-se tamb\u00e9m pode ser um ato de amor<\/strong><\/h2>\n<p data-start=\"6526\" data-end=\"6754\">O <strong data-start=\"6528\" data-end=\"6555\">div\u00f3rcio no espiritismo<\/strong> nos ensina que Deus n\u00e3o exige pris\u00f5es emocionais nem sofrimentos sem sentido. A separa\u00e7\u00e3o, quando necess\u00e1ria, pode ser um gesto de amor-pr\u00f3prio, respeito ao outro e fidelidade \u00e0 pr\u00f3pria consci\u00eancia.<\/p>\n<p><!-- IN\u00cdCIO V\u00cdDEO SHORT + BOT\u00c3O --><\/p>\n<div style=\"text-align: center; max-width: 480px; margin: 20px auto;\">\n<h2 style=\"font-size: 1.4rem; color: #2c3e50; margin-bottom: 8px;\">&#8216;Os Milagres de Jesus&#8217; &#8211; \u00c0 luz da doutrina esp\u00edrita e a teologia crist\u00e3 tradicional<\/h2>\n<p style=\"font-size: 1rem; color: #555;\">Clique no video para assistir. (Dura\u00e7\u00e3o 60&#8242;)<\/p>\n<\/div>\n<div style=\"max-width: 480px; margin: 0 auto; background: #fff; border-radius: 12px; padding: 20px; box-shadow: 0 4px 12px rgba(0,0,0,0.1); text-align: center;\">\n<div style=\"position: relative; padding-bottom: 177%; height: 0; overflow: hidden; border-radius: 12px;\"><iframe style=\"position: absolute; top: 0; left: 0; width: 100%; height: 100%; border-radius: 12px;\" src=\"https:\/\/youtube.com\/embed\/XXzwAsDC-Yk?feature=share\" frameborder=\"0\" allowfullscreen=\"allowfullscreen\"><\/iframe><\/div>\n<p><a style=\"display: inline-block; margin-top: 15px; background: #f39c12; color: #fff; font-weight: bold; padding: 10px 20px; border-radius: 6px; text-decoration: none;\" href=\"https:\/\/loja.visiteobrasil.com.br\/Amazon-Livro-Os-Milagresdejesus.html\" target=\"_blank\" rel=\"nofollow noopener\">Saiba mais<\/a><\/p>\n<\/div>\n<p data-start=\"6756\" data-end=\"6991\">Allan Kardec nos lembra que a finalidade da vida \u00e9 o aperfei\u00e7oamento moral do Esp\u00edrito. Se uma rela\u00e7\u00e3o impede esse avan\u00e7o e se transforma em fonte cont\u00ednua de desequil\u00edbrio, repens\u00e1-la \u00e9 sinal de maturidade espiritual, n\u00e3o de fracasso.<\/p>\n<p data-start=\"6993\" data-end=\"7143\">Que cada decis\u00e3o seja tomada com serenidade, ora\u00e7\u00e3o e responsabilidade \u2014 e que o amor, mesmo quando muda de forma, continue sendo o guia das escolhas.<\/p>\n<hr data-start=\"7145\" data-end=\"7148\" \/>\n<p data-start=\"7150\" data-end=\"7449\"><strong data-start=\"7150\" data-end=\"7182\">Divulgue a Doutrina Esp\u00edrita<\/strong> \u2013 isso tamb\u00e9m \u00e9 uma forma de caridade.<br data-start=\"7221\" data-end=\"7224\" \/>Inscreva-se em nosso <strong data-start=\"7245\" data-end=\"7272\">Canal Evolu\u00e7\u00e3o Esp\u00edrita<\/strong> no YouTube e compartilhe com quem busca luz e entendimento espiritual.<br data-start=\"7343\" data-end=\"7346\" \/>\ud83d\udd17 <strong data-start=\"7349\" data-end=\"7370\">Inscreva-se agora<\/strong>: <strong data-start=\"7372\" data-end=\"7449\"><a class=\"decorated-link\" href=\"https:\/\/www.youtube.com\/@CanalEvolucaoEspirita\" target=\"_new\" rel=\"noopener\" data-start=\"7374\" data-end=\"7447\">Canal Evolu\u00e7\u00e3o Esp\u00edrita<\/a><\/strong><\/p>\n","protected":false},"excerpt":{"rendered":"<p>Div\u00f3rcio no espiritismo \u00e9 um tema que costuma despertar sentimentos contradit\u00f3rios. Para alguns, traz culpa; para outros, al\u00edvio; para muitos, [&hellip;]<\/p>\n","protected":false},"author":1,"featured_media":1490,"comment_status":"open","ping_status":"open","sticky":false,"template":"","format":"standard","meta":{"site-sidebar-layout":"default","site-content-layout":"","ast-site-content-layout":"default","site-content-style":"default","site-sidebar-style":"default","ast-global-header-display":"","ast-banner-title-visibility":"","ast-main-header-display":"","ast-hfb-above-header-display":"","ast-hfb-below-header-display":"","ast-hfb-mobile-header-display":"","site-post-title":"","ast-breadcrumbs-content":"","ast-featured-img":"","footer-sml-layout":"","ast-disable-related-posts":"","theme-transparent-header-meta":"default","adv-header-id-meta":"","stick-header-meta":"","header-above-stick-meta":"","header-main-stick-meta":"","header-below-stick-meta":"","astra-migrate-meta-layouts":"set","ast-page-background-enabled":"default","ast-page-background-meta":{"desktop":{"background-color":"var(--ast-global-color-5)","background-image":"","background-repeat":"repeat","background-position":"center center","background-size":"auto","background-attachment":"scroll","background-type":"","background-media":"","overlay-type":"","overlay-color":"","overlay-opacity":"","overlay-gradient":""},"tablet":{"background-color":"","background-image":"","background-repeat":"repeat","background-position":"center center","background-size":"auto","background-attachment":"scroll","background-type":"","background-media":"","overlay-type":"","overlay-color":"","overlay-opacity":"","overlay-gradient":""},"mobile":{"background-color":"","background-image":"","background-repeat":"repeat","background-position":"center center","background-size":"auto","background-attachment":"scroll","background-type":"","background-media":"","overlay-type":"","overlay-color":"","overlay-opacity":"","overlay-gradient":""}},"ast-content-background-meta":{"desktop":{"background-color":"var(--ast-global-color-4)","background-image":"","background-repeat":"repeat","background-position":"center center","background-size":"auto","background-attachment":"scroll","background-type":"","background-media":"","overlay-type":"","overlay-color":"","overlay-opacity":"","overlay-gradient":""},"tablet":{"background-color":"var(--ast-global-color-4)","background-image":"","background-repeat":"repeat","background-position":"center center","background-size":"auto","background-attachment":"scroll","background-type":"","background-media":"","overlay-type":"","overlay-color":"","overlay-opacity":"","overlay-gradient":""},"mobile":{"background-color":"var(--ast-global-color-4)","background-image":"","background-repeat":"repeat","background-position":"center center","background-size":"auto","background-attachment":"scroll","background-type":"","background-media":"","overlay-type":"","overlay-color":"","overlay-opacity":"","overlay-gradient":""}},"jetpack_post_was_ever_published":false,"_jetpack_newsletter_access":"","_jetpack_dont_email_post_to_subs":false,"_jetpack_newsletter_tier_id":0,"_jetpack_memberships_contains_paywalled_content":false,"_jetpack_memberships_contains_paid_content":false,"footnotes":"","jetpack_publicize_message":"","jetpack_publicize_feature_enabled":true,"jetpack_social_post_already_shared":true,"jetpack_social_options":{"image_generator_settings":{"template":"highway","default_image_id":0,"font":"","enabled":false},"version":2}},"categories":[6,8],"tags":[17,270,70,88,271,151],"class_list":["post-1489","post","type-post","status-publish","format-standard","has-post-thumbnail","hentry","category-doutrina-espirita","category-espiritualidade","tag-allan-kardec","tag-divorcio","tag-espiritismo","tag-evolucao-espiritual","tag-relacionamentos","tag-saude-emocional"],"jetpack_publicize_connections":[],"jetpack_featured_media_url":"https:\/\/loja.visiteobrasil.com.br\/artigos\/wp-content\/uploads\/2026\/02\/divorcio-no-espiritismo.jpeg","jetpack_sharing_enabled":true,"jetpack_likes_enabled":true,"jetpack-related-posts":[{"id":1317,"url":"https:\/\/loja.visiteobrasil.com.br\/artigos\/a-influencia-da-reencarnacao\/","url_meta":{"origin":1489,"position":0},"title":"A influ\u00eancia da reencarna\u00e7\u00e3o no destino das fam\u00edlias","author":"ramonandrade0505","date":"outubro 27, 2025","format":false,"excerpt":"A reencarna\u00e7\u00e3o \u00e9 um dos pilares centrais da Doutrina Esp\u00edrita e uma das chaves mais profundas para compreender o destino das fam\u00edlias. Longe de ser apenas uma cren\u00e7a, ela \u00e9 uma lei universal que explica por que nascemos em determinados lares, convivemos com certas pessoas e, muitas vezes, enfrentamos desafios\u2026","rel":"","context":"Em &quot;Doutrina esp\u00edrita&quot;","block_context":{"text":"Doutrina esp\u00edrita","link":"https:\/\/loja.visiteobrasil.com.br\/artigos\/category\/doutrina-espirita\/"},"img":{"alt_text":"Influ\u00eancia da reencarna\u00e7\u00e3o : Fam\u00edlia reunida sob luz suave, com aura espiritual simb\u00f3lica, representando la\u00e7os eternos.","src":"https:\/\/i0.wp.com\/loja.visiteobrasil.com.br\/artigos\/wp-content\/uploads\/2025\/10\/influencia-da-reencarnacao.jpeg?resize=350%2C200&ssl=1","width":350,"height":200,"srcset":"https:\/\/i0.wp.com\/loja.visiteobrasil.com.br\/artigos\/wp-content\/uploads\/2025\/10\/influencia-da-reencarnacao.jpeg?resize=350%2C200&ssl=1 1x, https:\/\/i0.wp.com\/loja.visiteobrasil.com.br\/artigos\/wp-content\/uploads\/2025\/10\/influencia-da-reencarnacao.jpeg?resize=525%2C300&ssl=1 1.5x, https:\/\/i0.wp.com\/loja.visiteobrasil.com.br\/artigos\/wp-content\/uploads\/2025\/10\/influencia-da-reencarnacao.jpeg?resize=700%2C400&ssl=1 2x"},"classes":[]},{"id":1440,"url":"https:\/\/loja.visiteobrasil.com.br\/artigos\/homossexualidade-no-espiritismo\/","url_meta":{"origin":1489,"position":1},"title":"Homossexualidade no Espiritismo: doutrina, sil\u00eancio e interpreta\u00e7\u00f5es","author":"ramonandrade0505","date":"janeiro 5, 2026","format":false,"excerpt":"Quando o sil\u00eancio tamb\u00e9m comunica Homossexualidade \u00e9 um tema que, dentro do Espiritismo, muitas vezes aparece cercado por sil\u00eancio. Para alguns, esse sil\u00eancio soa como aceita\u00e7\u00e3o impl\u00edcita; para outros, como omiss\u00e3o desconfort\u00e1vel. O fato \u00e9 que, ao longo das d\u00e9cadas, diferentes interpreta\u00e7\u00f5es surgiram, nem sempre alinhadas com a base doutrin\u00e1ria\u2026","rel":"","context":"Em &quot;Doutrina esp\u00edrita&quot;","block_context":{"text":"Doutrina esp\u00edrita","link":"https:\/\/loja.visiteobrasil.com.br\/artigos\/category\/doutrina-espirita\/"},"img":{"alt_text":"Homossexualidade - Uma mulher lendo um livro numa montanha","src":"https:\/\/i0.wp.com\/loja.visiteobrasil.com.br\/artigos\/wp-content\/uploads\/2025\/12\/homossexualidade-2.jpeg?resize=350%2C200&ssl=1","width":350,"height":200,"srcset":"https:\/\/i0.wp.com\/loja.visiteobrasil.com.br\/artigos\/wp-content\/uploads\/2025\/12\/homossexualidade-2.jpeg?resize=350%2C200&ssl=1 1x, https:\/\/i0.wp.com\/loja.visiteobrasil.com.br\/artigos\/wp-content\/uploads\/2025\/12\/homossexualidade-2.jpeg?resize=525%2C300&ssl=1 1.5x"},"classes":[]},{"id":1559,"url":"https:\/\/loja.visiteobrasil.com.br\/artigos\/deficiencia-mental\/","url_meta":{"origin":1489,"position":2},"title":"Defici\u00eancia mental: mito de esp\u00edritos inferiores segundo o Espiritismo","author":"ramonandrade0505","date":"abril 15, 2026","format":false,"excerpt":"Nem toda limita\u00e7\u00e3o vis\u00edvel revela fraqueza espiritual \u2014 muitas escondem hist\u00f3rias de coragem invis\u00edvel. Defici\u00eancia mental e Espiritismo: entenda se h\u00e1 influ\u00eancia de esp\u00edritos inferiores e o que diz a doutrina com base no amor e na raz\u00e3o. A ideia de que pessoas com defici\u00eancia mental estariam \u201ccarregando uma legi\u00e3o\u2026","rel":"","context":"Em &quot;Doutrina esp\u00edrita&quot;","block_context":{"text":"Doutrina esp\u00edrita","link":"https:\/\/loja.visiteobrasil.com.br\/artigos\/category\/doutrina-espirita\/"},"img":{"alt_text":"Defici\u00eancia mental : um homem com deficiencia mental comendo lixo ao lado de seu cachorro todo sujo","src":"https:\/\/i0.wp.com\/loja.visiteobrasil.com.br\/artigos\/wp-content\/uploads\/2026\/04\/deficiencia-mental.jpeg?resize=350%2C200&ssl=1","width":350,"height":200,"srcset":"https:\/\/i0.wp.com\/loja.visiteobrasil.com.br\/artigos\/wp-content\/uploads\/2026\/04\/deficiencia-mental.jpeg?resize=350%2C200&ssl=1 1x, https:\/\/i0.wp.com\/loja.visiteobrasil.com.br\/artigos\/wp-content\/uploads\/2026\/04\/deficiencia-mental.jpeg?resize=525%2C300&ssl=1 1.5x, https:\/\/i0.wp.com\/loja.visiteobrasil.com.br\/artigos\/wp-content\/uploads\/2026\/04\/deficiencia-mental.jpeg?resize=700%2C400&ssl=1 2x, https:\/\/i0.wp.com\/loja.visiteobrasil.com.br\/artigos\/wp-content\/uploads\/2026\/04\/deficiencia-mental.jpeg?resize=1050%2C600&ssl=1 3x"},"classes":[]},{"id":1495,"url":"https:\/\/loja.visiteobrasil.com.br\/artigos\/irmaos-gemeos-e-seus-lacos-espirituais\/","url_meta":{"origin":1489,"position":3},"title":"O que a doutrina esp\u00edrita revela sobre irm\u00e3os g\u00eameos e seus la\u00e7os espirituais","author":"ramonandrade0505","date":"fevereiro 9, 2026","format":false,"excerpt":"O que a doutrina esp\u00edrita revela sobre irm\u00e3os g\u00eameos \u00e9 uma pergunta que atravessa gera\u00e7\u00f5es, fam\u00edlias e sensibilidades. Desde o nascimento simult\u00e2neo at\u00e9 a forte conex\u00e3o emocional que muitos demonstram ao longo da vida, irm\u00e3os g\u00eameos despertam curiosidade, encantamento e, em alguns casos, inquieta\u00e7\u00e3o. Por que chegam juntos ao mundo?\u2026","rel":"","context":"Em &quot;Doutrina esp\u00edrita&quot;","block_context":{"text":"Doutrina esp\u00edrita","link":"https:\/\/loja.visiteobrasil.com.br\/artigos\/category\/doutrina-espirita\/"},"img":{"alt_text":"Irm\u00e3os g\u00eameos : Dois irm\u00e3os g\u00eameos sentados lado a lado em ambiente sereno, com luz suave e atmosfera espiritual.","src":"https:\/\/i0.wp.com\/loja.visiteobrasil.com.br\/artigos\/wp-content\/uploads\/2026\/02\/irmaos-gemeos.jpeg?resize=350%2C200&ssl=1","width":350,"height":200,"srcset":"https:\/\/i0.wp.com\/loja.visiteobrasil.com.br\/artigos\/wp-content\/uploads\/2026\/02\/irmaos-gemeos.jpeg?resize=350%2C200&ssl=1 1x, https:\/\/i0.wp.com\/loja.visiteobrasil.com.br\/artigos\/wp-content\/uploads\/2026\/02\/irmaos-gemeos.jpeg?resize=525%2C300&ssl=1 1.5x"},"classes":[]},{"id":1463,"url":"https:\/\/loja.visiteobrasil.com.br\/artigos\/obsessao-espiritual-o-que-e-e-como-evitar\/","url_meta":{"origin":1489,"position":4},"title":"Obsess\u00e3o espiritual: o que \u00e9 e como evit\u00e1-la segundo o Espiritismo","author":"ramonandrade0505","date":"janeiro 17, 2026","format":false,"excerpt":"Obsess\u00e3o espiritual \u00e9 um tema que desperta curiosidade, receio e, muitas vezes, confus\u00e3o. Para quem d\u00e1 os primeiros passos no campo da espiritualidade, a express\u00e3o pode soar assustadora \u2014 quase como algo sobrenatural ou distante da vida cotidiana. No entanto, segundo a doutrina esp\u00edrita, trata-se de um fen\u00f4meno profundamente humano,\u2026","rel":"","context":"Em &quot;Consci\u00eancia espiritual&quot;","block_context":{"text":"Consci\u00eancia espiritual","link":"https:\/\/loja.visiteobrasil.com.br\/artigos\/category\/consciencia-espiritual\/"},"img":{"alt_text":"Obsess\u00e3o espiritual - Uma pessoa sendo obsidiada.","src":"https:\/\/i0.wp.com\/loja.visiteobrasil.com.br\/artigos\/wp-content\/uploads\/2026\/01\/Obsessao-espiritual.jpeg?resize=350%2C200&ssl=1","width":350,"height":200,"srcset":"https:\/\/i0.wp.com\/loja.visiteobrasil.com.br\/artigos\/wp-content\/uploads\/2026\/01\/Obsessao-espiritual.jpeg?resize=350%2C200&ssl=1 1x, https:\/\/i0.wp.com\/loja.visiteobrasil.com.br\/artigos\/wp-content\/uploads\/2026\/01\/Obsessao-espiritual.jpeg?resize=525%2C300&ssl=1 1.5x"},"classes":[]},{"id":1451,"url":"https:\/\/loja.visiteobrasil.com.br\/artigos\/fanatismo-religioso\/","url_meta":{"origin":1489,"position":5},"title":"Fanatismo religioso: o que a doutrina esp\u00edrita ensina sobre esse tema","author":"ramonandrade0505","date":"janeiro 9, 2026","format":false,"excerpt":"Fanatismo religioso \u00e9 uma express\u00e3o que atravessa s\u00e9culos carregando dor, intoler\u00e2ncia e conflitos que marcaram a hist\u00f3ria da humanidade. Em diferentes \u00e9pocas e culturas, a cren\u00e7a que deveria libertar consci\u00eancias acabou sendo usada para aprision\u00e1-las, criando divis\u00f5es, justificando viol\u00eancias e silenciando o di\u00e1logo. Diante desse cen\u00e1rio, surge uma pergunta leg\u00edtima\u2026","rel":"","context":"Em &quot;Doutrina esp\u00edrita&quot;","block_context":{"text":"Doutrina esp\u00edrita","link":"https:\/\/loja.visiteobrasil.com.br\/artigos\/category\/doutrina-espirita\/"},"img":{"alt_text":"Fanatismo religioso : Pessoas beatas de v\u00e9u ajoelhadas numa igreja antiga, luz suave entrando pelos vitrais, cores quentes","src":"https:\/\/i0.wp.com\/loja.visiteobrasil.com.br\/artigos\/wp-content\/uploads\/2025\/12\/Fanatismo-religioso.jpeg?resize=350%2C200&ssl=1","width":350,"height":200,"srcset":"https:\/\/i0.wp.com\/loja.visiteobrasil.com.br\/artigos\/wp-content\/uploads\/2025\/12\/Fanatismo-religioso.jpeg?resize=350%2C200&ssl=1 1x, https:\/\/i0.wp.com\/loja.visiteobrasil.com.br\/artigos\/wp-content\/uploads\/2025\/12\/Fanatismo-religioso.jpeg?resize=525%2C300&ssl=1 1.5x"},"classes":[]}],"_links":{"self":[{"href":"https:\/\/loja.visiteobrasil.com.br\/artigos\/wp-json\/wp\/v2\/posts\/1489","targetHints":{"allow":["GET"]}}],"collection":[{"href":"https:\/\/loja.visiteobrasil.com.br\/artigos\/wp-json\/wp\/v2\/posts"}],"about":[{"href":"https:\/\/loja.visiteobrasil.com.br\/artigos\/wp-json\/wp\/v2\/types\/post"}],"author":[{"embeddable":true,"href":"https:\/\/loja.visiteobrasil.com.br\/artigos\/wp-json\/wp\/v2\/users\/1"}],"replies":[{"embeddable":true,"href":"https:\/\/loja.visiteobrasil.com.br\/artigos\/wp-json\/wp\/v2\/comments?post=1489"}],"version-history":[{"count":1,"href":"https:\/\/loja.visiteobrasil.com.br\/artigos\/wp-json\/wp\/v2\/posts\/1489\/revisions"}],"predecessor-version":[{"id":1491,"href":"https:\/\/loja.visiteobrasil.com.br\/artigos\/wp-json\/wp\/v2\/posts\/1489\/revisions\/1491"}],"wp:featuredmedia":[{"embeddable":true,"href":"https:\/\/loja.visiteobrasil.com.br\/artigos\/wp-json\/wp\/v2\/media\/1490"}],"wp:attachment":[{"href":"https:\/\/loja.visiteobrasil.com.br\/artigos\/wp-json\/wp\/v2\/media?parent=1489"}],"wp:term":[{"taxonomy":"category","embeddable":true,"href":"https:\/\/loja.visiteobrasil.com.br\/artigos\/wp-json\/wp\/v2\/categories?post=1489"},{"taxonomy":"post_tag","embeddable":true,"href":"https:\/\/loja.visiteobrasil.com.br\/artigos\/wp-json\/wp\/v2\/tags?post=1489"}],"curies":[{"name":"wp","href":"https:\/\/api.w.org\/{rel}","templated":true}]}}